{"id":1698,"__str__":"INDICA\u00c7\u00c3O n\u00ba 78 de 2025","link_detail_backend":"/materia/1698","metadata":{},"numero":78,"ano":2025,"numero_protocolo":null,"data_apresentacao":"2025-02-17","tipo_apresentacao":"E","data_publicacao":null,"numero_origem_externa":"","ano_origem_externa":null,"data_origem_externa":null,"apelido":"","dias_prazo":null,"data_fim_prazo":null,"em_tramitacao":false,"polemica":false,"objeto":"","complementar":false,"ementa":"a instala\u00e7\u00e3o de faixa amarela por toda a extens\u00e3o da rua ao lado da pra\u00e7a sagrado cora\u00e7\u00e3o de Jesus.","indexacao":"","observacao":"","resultado":"","texto_original":"http://sapl.delfimmoreira.mg.leg.br/media/sapl/public/materialegislativa/2025/1698/indicacao_no_078-2025_sebastiao_-_criacao_fx_amarela.pdf","data_ultima_atualizacao":"2025-03-17T16:34:38.145814-03:00","ip":"179.108.19.27","ultima_edicao":"2025-03-17T16:33:54.390440-03:00","tipo":1,"regime_tramitacao":2,"tipo_origem_externa":null,"local_origem_externa":null,"user":2,"anexadas":[],"autores":[13]}