{"id":1799,"__str__":"MO\u00c7\u00c3O n\u00ba 9 de 2025","link_detail_backend":"/materia/1799","metadata":{},"numero":9,"ano":2025,"numero_protocolo":null,"data_apresentacao":"2025-04-28","tipo_apresentacao":"","data_publicacao":null,"numero_origem_externa":"","ano_origem_externa":null,"data_origem_externa":null,"apelido":"","dias_prazo":null,"data_fim_prazo":null,"em_tramitacao":false,"polemica":false,"objeto":"","complementar":false,"ementa":"Mo\u00e7\u00e3o de Aplausos aos valorosos policiais militares da 262\u00aa Companhia de Pol\u00edcia Militar, sediada em Delfim Moreira, e aos policiais civis da 2\u00aa Delegacia Regional de Pol\u00edcia Civil de Itajub\u00e1.\r\nA presente Mo\u00e7\u00e3o tem por objetivo enaltecer, reconhecer e valorizar o trabalho exemplar desempenhado por estes profissionais, que, com coragem, dedica\u00e7\u00e3o, galhardia e elevado senso de dever, atuam incansavelmente em prol da seguran\u00e7a, da ordem e da paz social em nosso munic\u00edpio.","indexacao":"","observacao":"","resultado":"","texto_original":"http://sapl.delfimmoreira.mg.leg.br/media/sapl/public/materialegislativa/2025/1799/mocao_09-2025_-_mocao_de_aplauso_-_pm.pdf","data_ultima_atualizacao":"2025-05-06T09:50:07.759489-03:00","ip":"186.250.204.61","ultima_edicao":"2025-05-06T09:48:40.873962-03:00","tipo":5,"regime_tramitacao":2,"tipo_origem_externa":null,"local_origem_externa":null,"user":2,"anexadas":[],"autores":[40]}