{"id":1939,"__str__":"INDICA\u00c7\u00c3O n\u00ba 248 de 2025","link_detail_backend":"/materia/1939","metadata":{},"numero":248,"ano":2025,"numero_protocolo":null,"data_apresentacao":"2025-08-25","tipo_apresentacao":"E","data_publicacao":null,"numero_origem_externa":"","ano_origem_externa":null,"data_origem_externa":null,"apelido":"","dias_prazo":null,"data_fim_prazo":null,"em_tramitacao":false,"polemica":false,"objeto":"","complementar":false,"ementa":"a  adequa\u00e7\u00e3o dos quebra-molas instalados em todo o munic\u00edpio que estejam fora das especifica\u00e7\u00f5es t\u00e9cnicas e limites de altura e largura estabelecidos pela legisla\u00e7\u00e3o vigente, a fim de garantir seguran\u00e7a vi\u00e1ria sem prejudicar o tr\u00e1fego de ve\u00edculos.","indexacao":"","observacao":"","resultado":"","texto_original":"http://sapl.delfimmoreira.mg.leg.br/media/sapl/public/materialegislativa/2025/1939/indicacao_no_248-2025__mateus_quebra_molas.pdf","data_ultima_atualizacao":"2025-09-01T15:30:07.587459-03:00","ip":"186.250.206.159","ultima_edicao":"2025-09-01T15:29:08.774745-03:00","tipo":1,"regime_tramitacao":2,"tipo_origem_externa":null,"local_origem_externa":null,"user":2,"anexadas":[],"autores":[2,41,9,3,40,10,13,42,1]}