{"id":1955,"__str__":"INDICA\u00c7\u00c3O n\u00ba 264 de 2025","link_detail_backend":"/materia/1955","metadata":{},"numero":264,"ano":2025,"numero_protocolo":null,"data_apresentacao":"2025-08-25","tipo_apresentacao":"E","data_publicacao":null,"numero_origem_externa":"","ano_origem_externa":null,"data_origem_externa":null,"apelido":"","dias_prazo":null,"data_fim_prazo":null,"em_tramitacao":false,"polemica":false,"objeto":"","complementar":false,"ementa":"o estudo para a  celebra\u00e7\u00e3o de parcerias com o Horto Florestal de Campos do Jord\u00e3o/SP, as Prefeituras Municipais de Campos do Jord\u00e3o/SP e Piquete/SP, visando a manuten\u00e7\u00e3o e reestrutura\u00e7\u00e3o da estrada que interliga estes munic\u00edpios a Delfim Moreira/MG, bem como estudo para a cria\u00e7\u00e3o de uma estrada panor\u00e2mica ao longo da Serra da Mantiqueira.","indexacao":"","observacao":"","resultado":"","texto_original":"http://sapl.delfimmoreira.mg.leg.br/media/sapl/public/materialegislativa/2025/1955/indicacao_no_264-2025__mateus_projeto_com_campos_do_jordao.pdf","data_ultima_atualizacao":"2025-09-01T15:48:25.908423-03:00","ip":"186.250.206.159","ultima_edicao":"2025-09-01T15:47:45.552515-03:00","tipo":1,"regime_tramitacao":2,"tipo_origem_externa":null,"local_origem_externa":null,"user":2,"anexadas":[],"autores":[40]}