{"id":2002,"__str__":"INDICA\u00c7\u00c3O n\u00ba 277 de 2025","link_detail_backend":"/materia/2002","metadata":{},"numero":277,"ano":2025,"numero_protocolo":null,"data_apresentacao":"2025-09-22","tipo_apresentacao":"E","data_publicacao":null,"numero_origem_externa":"","ano_origem_externa":null,"data_origem_externa":null,"apelido":"","dias_prazo":null,"data_fim_prazo":null,"em_tramitacao":false,"polemica":false,"objeto":"","complementar":false,"ementa":"manuten\u00e7\u00e3o e recupera\u00e7\u00e3o das placas de sinaliza\u00e7\u00e3o localizadas na Pra\u00e7a Matriz,( na esquina do bar do \u201cporquinho\u201d), bem como de todas as demais do munic\u00edpio que se encontram em situa\u00e7\u00e3o prec\u00e1ria.","indexacao":"","observacao":"","resultado":"","texto_original":"http://sapl.delfimmoreira.mg.leg.br/media/sapl/public/materialegislativa/2025/2002/indicacao_no_277-2025__stella_-_placas_de_sinalizacao_danificada.pdf","data_ultima_atualizacao":"2025-12-01T11:05:38.285439-03:00","ip":"186.250.207.182","ultima_edicao":"2025-12-01T11:04:18.639750-03:00","tipo":1,"regime_tramitacao":2,"tipo_origem_externa":null,"local_origem_externa":null,"user":2,"anexadas":[],"autores":[42]}