{"id":2005,"__str__":"INDICA\u00c7\u00c3O n\u00ba 280 de 2025","link_detail_backend":"/materia/2005","metadata":{},"numero":280,"ano":2025,"numero_protocolo":null,"data_apresentacao":"2025-09-22","tipo_apresentacao":"E","data_publicacao":null,"numero_origem_externa":"","ano_origem_externa":null,"data_origem_externa":null,"apelido":"","dias_prazo":null,"data_fim_prazo":null,"em_tramitacao":false,"polemica":false,"objeto":"","complementar":false,"ementa":"que sejam adotadas medidas para: Apoiar e fortalecer as feiras de produtores locais, especialmente voltadas \u00e0 comercializa\u00e7\u00e3o de produtos org\u00e2nicos e da agricultura familiar","indexacao":"","observacao":"","resultado":"","texto_original":null,"data_ultima_atualizacao":"2025-12-01T11:22:32.763047-03:00","ip":"186.250.207.182","ultima_edicao":"2025-12-01T11:21:26.088822-03:00","tipo":1,"regime_tramitacao":2,"tipo_origem_externa":null,"local_origem_externa":null,"user":2,"anexadas":[],"autores":[40]}