{"headers": {"id": "ID", "ano": "Ano", "numero": "N\u00famero", "tipo__sigla": "Tipo de Mat\u00e9ria Legislativa/Sigla", "tipo__descricao": "Tipo de Mat\u00e9ria Legislativa/Descri\u00e7\u00e3o", "autoria": "Autorias", "texto_original": "Texto Original", "ementa": "Ementa"}, "results": [{"id": "1568", "ano": "2025", "numero": "1", "tipo__sigla": "Ind", "tipo__descricao": "INDICA\u00c7\u00c3O", "autoria": "H\u00e9der Alexandre Ribeiro Caminha", "texto_original": "http://sapl.delfimmoreira.mg.leg.br/media/sapl/public/materialegislativa/2025/1568/indicacao_no_001-2025_heder_-_porta_do_clube_com_corrosao.pdf", "ementa": "Solicita a Secretaria de Obras a devida manuten\u00e7\u00e3o e troca na porta de entrada do clube municipal."}, {"id": "1569", "ano": "2025", "numero": "2", "tipo__sigla": "Ind", "tipo__descricao": "INDICA\u00c7\u00c3O", "autoria": "H\u00e9der Alexandre Ribeiro Caminha", "texto_original": "http://sapl.delfimmoreira.mg.leg.br/media/sapl/public/materialegislativa/2025/1569/indicacao_no_002-2025_heder_-_agente_de_saude_na_vargem.pdf", "ementa": "Solicita a Secretaria de Sa\u00fade,  a contrata\u00e7\u00e3o de um Agente de Sa\u00fade para o setor da Vargem."}, {"id": "1570", "ano": "2025", "numero": "3", "tipo__sigla": "Ind", "tipo__descricao": "INDICA\u00c7\u00c3O", "autoria": "Thiago Siqueira Marques", "texto_original": "http://sapl.delfimmoreira.mg.leg.br/media/sapl/public/materialegislativa/2025/1570/indicacao_no_003-2025_thiago_-_limpeza_bairro_rosario.pdf", "ementa": "Solicita a Secretaria de Obras e Servi\u00e7os Urbanos,  a limpeza, ro\u00e7ada e capina no centro do bairro do Ros\u00e1rio"}, {"id": "1571", "ano": "2025", "numero": "4", "tipo__sigla": "Ind", "tipo__descricao": "INDICA\u00c7\u00c3O", "autoria": "Mateus de Carvalho Ribeiro", "texto_original": "http://sapl.delfimmoreira.mg.leg.br/media/sapl/public/materialegislativa/2025/1571/indicacao_no_004-2025_mateus_-_melhoria_na_estrada_do_bairro_sao_bernardo.pdf", "ementa": "Solicita a Secretaria de Obras e Servi\u00e7os Urbanos,  a melhoria na estrada S\u00e3o Bernardo, at\u00e9 o Santo Cruzeiro."}, {"id": "1572", "ano": "2025", "numero": "5", "tipo__sigla": "Ind", "tipo__descricao": "INDICA\u00c7\u00c3O", "autoria": "Mateus de Carvalho Ribeiro", "texto_original": "http://sapl.delfimmoreira.mg.leg.br/media/sapl/public/materialegislativa/2025/1572/indicacao_no_005-2025_mateus_-_melhoria_na_estrada_do_bairro_monjolinho.pdf", "ementa": "Solicita a Secretaria de Obras e Servi\u00e7os Urbanos,  a melhoria na estrada do bairro Monjolinho."}, {"id": "1573", "ano": "2025", "numero": "6", "tipo__sigla": "Ind", "tipo__descricao": "INDICA\u00c7\u00c3O", "autoria": "Mateus de Carvalho Ribeiro", "texto_original": "http://sapl.delfimmoreira.mg.leg.br/media/sapl/public/materialegislativa/2025/1573/indicacao_no_006-2025_mateus_-_melhoria_na_ubs_sao_bernardo.pdf", "ementa": "Solicita a Secretaria de Obras e Servi\u00e7os Urbanos,  a reforma do posto de sa\u00fade do bairro S\u00e3o Bernardo."}, {"id": "1574", "ano": "2025", "numero": "7", "tipo__sigla": "Ind", "tipo__descricao": "INDICA\u00c7\u00c3O", "autoria": "Stella Cristina Cortez", "texto_original": "http://sapl.delfimmoreira.mg.leg.br/media/sapl/public/materialegislativa/2025/1574/indicacao_no_007-2025_stella_-_limpez_lotesd_particulares_1.pdf", "ementa": "Solicita a Secretaria de Obras e Servi\u00e7os Urbanos,  a  fiscaliza\u00e7\u00e3o e campanhas de conscientiza\u00e7\u00e3o no que diz respeito \u00e0 limpeza de lotes particulares em nosso munic\u00edpio."}, {"id": "1575", "ano": "2025", "numero": "8", "tipo__sigla": "Ind", "tipo__descricao": "INDICA\u00c7\u00c3O", "autoria": "Ant\u00f4nio Luciano da Silva", "texto_original": "http://sapl.delfimmoreira.mg.leg.br/media/sapl/public/materialegislativa/2025/1575/indicacao_no_008-2025_antonio_-_melhoria_captacao_barra.pdf", "ementa": "Solicita a Secretaria de Obras e Servi\u00e7os Urbanos,  o melhoramento na capta\u00e7\u00e3o e distribui\u00e7\u00e3o de \u00e1gua no bairro da Barra."}, {"id": "1576", "ano": "2025", "numero": "9", "tipo__sigla": "Ind", "tipo__descricao": "INDICA\u00c7\u00c3O", "autoria": "Thiago Siqueira Marques", "texto_original": "http://sapl.delfimmoreira.mg.leg.br/media/sapl/public/materialegislativa/2025/1576/indicacao_no_009-2025_thiago_-_mais_psicologos.pdf", "ementa": "Solicita a Secretaria de Sa\u00fade,  a contrata\u00e7\u00e3o de mais Psic\u00f3logos no atendimento do SUS (Sitema \u00danico de Sa\u00fade) de nosso munic\u00edpio."}, {"id": "1577", "ano": "2025", "numero": "10", "tipo__sigla": "Ind", "tipo__descricao": "INDICA\u00c7\u00c3O", "autoria": "Mateus de Carvalho Ribeiro", "texto_original": "http://sapl.delfimmoreira.mg.leg.br/media/sapl/public/materialegislativa/2025/1577/indicacao_no_010-2025_mateus_-_estrutura_da_associacao_abandonada.pdf", "ementa": "Solicita Sr. Prefeito,  esclarecimentos sobre a finalidade e o uso do pr\u00e9dio p\u00fablico localizado na rua Luiz Eva, antigo matadouro municipal, que, at\u00e9 ent\u00e3o, seria destinado \u00e0 associa\u00e7\u00e3o do bairro, mas encontra-se atualmente inutilizado."}, {"id": "1578", "ano": "2025", "numero": "11", "tipo__sigla": "Ind", "tipo__descricao": "INDICA\u00c7\u00c3O", "autoria": "Mateus de Carvalho Ribeiro", "texto_original": "http://sapl.delfimmoreira.mg.leg.br/media/sapl/public/materialegislativa/2025/1578/indicacao_no_011-2025_mateus_-_ponto_de_onibus_escolar.pdf", "ementa": "Solicita a Secretaria Municipal de Obras e Servi\u00e7os Urbanos, a manuten\u00e7\u00e3o do ponto de \u00f4nibus localizado na rua Luiz Eva, que se encontra em condi\u00e7\u00f5es inadequadas para o uso."}, {"id": "1579", "ano": "2025", "numero": "12", "tipo__sigla": "Ind", "tipo__descricao": "INDICA\u00c7\u00c3O", "autoria": "Thiago Siqueira Marques", "texto_original": "http://sapl.delfimmoreira.mg.leg.br/media/sapl/public/materialegislativa/2025/1579/indicacao_no_012-2025_thiago_-_manutencaso_mogiano.pdf", "ementa": "Solicita a Secretaria de Obras e Servi\u00e7os Urbanos,  a manuten\u00e7\u00e3o da estrada do bairro Mogiano ."}, {"id": "1580", "ano": "2025", "numero": "13", "tipo__sigla": "Ind", "tipo__descricao": "INDICA\u00c7\u00c3O", "autoria": "Jucemar Paulo dos Santos", "texto_original": "http://sapl.delfimmoreira.mg.leg.br/media/sapl/public/materialegislativa/2025/1580/indicacao_no_013-2025_jucemar_-_quadra_da_barreira.pdf", "ementa": "Solicita a Secretaria de Obras e Servi\u00e7os Urbanos,  a reforma e manuten\u00e7\u00e3o na quadra do bairro da Barreira."}, {"id": "1581", "ano": "2025", "numero": "14", "tipo__sigla": "Ind", "tipo__descricao": "INDICA\u00c7\u00c3O", "autoria": "Jucemar Paulo dos Santos", "texto_original": "http://sapl.delfimmoreira.mg.leg.br/media/sapl/public/materialegislativa/2025/1581/indicacao_no_014-2023_-_jps_-_manutencao_buraco_assembleia_de_deus.pdf", "ementa": "Solicita \u00e0 Secretaria de Obras e Transportes Urbanos, a manuten\u00e7\u00e3o de um buraco aberto em frente a Assembleia de Deus, no bairro da Barreira."}, {"id": "1582", "ano": "2025", "numero": "15", "tipo__sigla": "Ind", "tipo__descricao": "INDICA\u00c7\u00c3O", "autoria": "Thiago Siqueira Marques", "texto_original": "http://sapl.delfimmoreira.mg.leg.br/media/sapl/public/materialegislativa/2025/1582/indicacao_no_015-2025_thiago_-rocada_posto_saude_bairro_agua_limpa.pdf", "ementa": "Solicita  \u00e0 Secretaria de Obras e Servi\u00e7os Urbanos,  ro\u00e7ada no posto de sa\u00fade do bairro \u00c0gua Limpa."}, {"id": "1583", "ano": "2025", "numero": "16", "tipo__sigla": "Ind", "tipo__descricao": "INDICA\u00c7\u00c3O", "autoria": "Thiago Siqueira Marques", "texto_original": "http://sapl.delfimmoreira.mg.leg.br/media/sapl/public/materialegislativa/2025/1583/indicacao_no_016-2025_thiago_-rocada_bairro_mogiano.pdf", "ementa": "Solicita a Secretaria de Obras e Servi\u00e7os Urbanos,  ro\u00e7ada da estrada no bairro Mogiano."}, {"id": "1584", "ano": "2025", "numero": "17", "tipo__sigla": "Ind", "tipo__descricao": "INDICA\u00c7\u00c3O", "autoria": "Jucemar Paulo dos Santos, Mateus de Carvalho Ribeiro", "texto_original": "http://sapl.delfimmoreira.mg.leg.br/media/sapl/public/materialegislativa/2025/1584/indicacao_no_017-2023_-_jucemar_-_mateus_faixa_assembleia_de_deus_centro.pdf", "ementa": "Solicita \u00e0 Secretaria de Obras e Transportes Urbanos, a instala\u00e7\u00e3o de uma faixa de pedestres em frente \u00e0 igreja Assembleia de Deus, na Av. Juscelino Kubitschek, no centro da cidade"}, {"id": "1585", "ano": "2025", "numero": "18", "tipo__sigla": "Ind", "tipo__descricao": "INDICA\u00c7\u00c3O", "autoria": "Jucemar Paulo dos Santos", "texto_original": "http://sapl.delfimmoreira.mg.leg.br/media/sapl/public/materialegislativa/2025/1585/indicacao_no_018-2023_-_jps_-_manutencao_lixeira_bairro_monjolinho.pdf", "ementa": "Solicita \u00e0 Secretaria de Obras e Transportes Urbanos, a manuten\u00e7\u00e3o da lixeira, na entrada do bairro Monjolinho."}, {"id": "1586", "ano": "2025", "numero": "19", "tipo__sigla": "Ind", "tipo__descricao": "INDICA\u00c7\u00c3O", "autoria": "H\u00e9der Alexandre Ribeiro Caminha, Mateus de Carvalho Ribeiro", "texto_original": "http://sapl.delfimmoreira.mg.leg.br/media/sapl/public/materialegislativa/2025/1586/indicacao_no_019-2025_heder_-_mateus_cx_agua_bigua.pdf", "ementa": "Solicita a Secretaria de Obras e Servi\u00e7os Urbanos,  a manuten\u00e7\u00e3o na caixa d\u2019\u00e1gua no bairro do Bigu\u00e1, nas proximidades do condom\u00ednio."}, {"id": "1587", "ano": "2025", "numero": "20", "tipo__sigla": "Ind", "tipo__descricao": "INDICA\u00c7\u00c3O", "autoria": "H\u00e9der Alexandre Ribeiro Caminha", "texto_original": "http://sapl.delfimmoreira.mg.leg.br/media/sapl/public/materialegislativa/2025/1587/indicacao_no_020-2025_heder_-_limpeza_rua_da_peixe.pdf", "ementa": "Solicita \u00e0 Secretaria de Obras e Servi\u00e7os Urbanos,  a ro\u00e7ada e capina na rua Joaquim de Oliveira \u201crua da peixe\u201d."}, {"id": "1588", "ano": "2025", "numero": "21", "tipo__sigla": "Ind", "tipo__descricao": "INDICA\u00c7\u00c3O", "autoria": "Stella Cristina Cortez", "texto_original": "http://sapl.delfimmoreira.mg.leg.br/media/sapl/public/materialegislativa/2025/1588/indicacao_no_021-2025_stella_-_manutencao_laudelino_marconde.pdf", "ementa": "Solicita  \u00e0 Secretaria de Obras e Servi\u00e7os Urbanos, a manuten\u00e7\u00e3o e finaliza\u00e7\u00e3o da obra na Rua Laudelino Marcondes."}, {"id": "1589", "ano": "2025", "numero": "22", "tipo__sigla": "Ind", "tipo__descricao": "INDICA\u00c7\u00c3O", "autoria": "Stella Cristina Cortez", "texto_original": "http://sapl.delfimmoreira.mg.leg.br/media/sapl/public/materialegislativa/2025/1589/indicacao_no_022-2025_stella_-_manutencao_estrada_sengo-cachoeirinha.pdf", "ementa": "Solicita \u00e0 Secretaria de Obras e Servi\u00e7os Urbanos, a manuten\u00e7\u00e3o na estrada rural Seng\u00f3-Cachoeirinha."}, {"id": "1590", "ano": "2025", "numero": "23", "tipo__sigla": "Ind", "tipo__descricao": "INDICA\u00c7\u00c3O", "autoria": "Ant\u00f4nio Luciano da Silva, Sebasti\u00e3o dos Santos Fortes Vieira", "texto_original": "http://sapl.delfimmoreira.mg.leg.br/media/sapl/public/materialegislativa/2025/1590/indicacao_no_023-2025_antonio_-_melhoria_captacao_rio_claro.pdf", "ementa": "Solicita \u00e0 Secretaria de Obras e Servi\u00e7os Urbanos,  a melhoria no sistema de capta\u00e7\u00e3o e na qualidade da \u00e1gua fornecida aos moradores do bairro Rio Claro."}, {"id": "1591", "ano": "2025", "numero": "24", "tipo__sigla": "Ind", "tipo__descricao": "INDICA\u00c7\u00c3O", "autoria": "H\u00e9der Alexandre Ribeiro Caminha", "texto_original": "http://sapl.delfimmoreira.mg.leg.br/media/sapl/public/materialegislativa/2025/1591/indicacao_no_024-2025_heder_-_impressora_para_medico_24h.pdf", "ementa": "Solicita \u00e0 Secretaria de Sa\u00fade,  a instala\u00e7\u00e3o de uma impressora no consult\u00f3rio atendimento 24 horas do munic\u00edpio."}, {"id": "1592", "ano": "2025", "numero": "25", "tipo__sigla": "Ind", "tipo__descricao": "INDICA\u00c7\u00c3O", "autoria": "Mateus de Carvalho Ribeiro", "texto_original": "http://sapl.delfimmoreira.mg.leg.br/media/sapl/public/materialegislativa/2025/1592/indicacao_no_025-2025_mateus_-_limpeza_campo_rosario.pdf", "ementa": "Solicita \u00e0 Secretaria Municipal de Turismo, Cultura, Esporte e Lazer, limpeza e ro\u00e7ada na \u00e1rea do campo de futebol do bairro do Ros\u00e1rio."}, {"id": "1593", "ano": "2025", "numero": "26", "tipo__sigla": "Ind", "tipo__descricao": "INDICA\u00c7\u00c3O", "autoria": "Mateus de Carvalho Ribeiro", "texto_original": "http://sapl.delfimmoreira.mg.leg.br/media/sapl/public/materialegislativa/2025/1593/indicacao_no_026-2025_mateus_-_manutencao_sao_bernardo.pdf", "ementa": "Solicita \u00e0 Secretaria Municipal de Obras e Transportes Urbanos, a ro\u00e7ada e limpeza da estrada do bairro S\u00e3o Bernardo."}, {"id": "1594", "ano": "2025", "numero": "27", "tipo__sigla": "Ind", "tipo__descricao": "INDICA\u00c7\u00c3O", "autoria": "Reinaldo S\u00e1vio Ribeiro, H\u00e9der Alexandre Ribeiro Caminha", "texto_original": "http://sapl.delfimmoreira.mg.leg.br/media/sapl/public/materialegislativa/2025/1594/indicacao_no_027-2025_reinaldo-heder_-_ponte_fazendinha.pdf", "ementa": "Solicita \u00e0 Secretaria Municipal de Obras e Servi\u00e7os Urbanos, a manuten\u00e7\u00e3o da ponte na Fazendinha."}, {"id": "1610", "ano": "2025", "numero": "28", "tipo__sigla": "Ind", "tipo__descricao": "INDICA\u00c7\u00c3O", "autoria": "Jucemar Paulo dos Santos", "texto_original": "http://sapl.delfimmoreira.mg.leg.br/media/sapl/public/materialegislativa/2025/1610/indicacao_no_028-2025_jucemar_-_placas_transito.pdf", "ementa": "Solicita a recoloca\u00e7\u00e3o das placas indicativas em frente a academia ao ar livre do bairro Santa Luzia e no bairro da \u00c1gua limpa."}, {"id": "1611", "ano": "2025", "numero": "29", "tipo__sigla": "Ind", "tipo__descricao": "INDICA\u00c7\u00c3O", "autoria": "Jucemar Paulo dos Santos", "texto_original": "http://sapl.delfimmoreira.mg.leg.br/media/sapl/public/materialegislativa/2025/1611/indicacao_no_029-2025_jucemar_-_limpeza_bairro_da_barreira.pdf", "ementa": "Solicita a limpeza, ro\u00e7ada e desobstru\u00e7\u00e3o de valetas e bueiros no bairro da Barreira."}, {"id": "1612", "ano": "2025", "numero": "30", "tipo__sigla": "Ind", "tipo__descricao": "INDICA\u00c7\u00c3O", "autoria": "Thiago Siqueira Marques", "texto_original": "http://sapl.delfimmoreira.mg.leg.br/media/sapl/public/materialegislativa/2025/1612/indicacao_no_030-2025_thiago_-manutencao_estrada_santa_cruz.pdf", "ementa": "Solicita a manuten\u00e7\u00e3o da estrada do Bairro Santa Cruz."}, {"id": "1613", "ano": "2025", "numero": "31", "tipo__sigla": "Ind", "tipo__descricao": "INDICA\u00c7\u00c3O", "autoria": "Mateus de Carvalho Ribeiro", "texto_original": "http://sapl.delfimmoreira.mg.leg.br/media/sapl/public/materialegislativa/2025/1613/indicacao_no_031-2025_mateus_-_manutencao_estrada_claudio_benedito_de_freitas.pdf", "ementa": "Solicita ro\u00e7ada e capina na rua Cl\u00e1udio Benedito de Freitas, pr\u00f3ximo ao antigo matadouro."}, {"id": "1614", "ano": "2025", "numero": "32", "tipo__sigla": "Ind", "tipo__descricao": "INDICA\u00c7\u00c3O", "autoria": "Mateus de Carvalho Ribeiro", "texto_original": "http://sapl.delfimmoreira.mg.leg.br/media/sapl/public/materialegislativa/2025/1614/indicacao_no_032-2025_mateus_-_manutencao_captacao_e_distribuicao_agua_no_rosario.pdf", "ementa": "Solicita a melhoria na capta\u00e7\u00e3o e distribui\u00e7\u00e3o de \u00e1gua no bairro do Ros\u00e1rio."}, {"id": "1615", "ano": "2025", "numero": "33", "tipo__sigla": "Ind", "tipo__descricao": "INDICA\u00c7\u00c3O", "autoria": "Mateus de Carvalho Ribeiro, H\u00e9der Alexandre Ribeiro Caminha", "texto_original": "http://sapl.delfimmoreira.mg.leg.br/media/sapl/public/materialegislativa/2025/1615/indicacao_no_033-2025_mateus_-_reforma_cemiterio_e_limpeza.pdf", "ementa": "Provid\u00eancias quanto a  manuten\u00e7\u00e3o na capela do cemit\u00e9rio municipal, corte do bambuzeiro e a limpeza em toda a extens\u00e3o do cemit\u00e9rio."}, {"id": "1616", "ano": "2025", "numero": "34", "tipo__sigla": "Ind", "tipo__descricao": "INDICA\u00c7\u00c3O", "autoria": "Sebasti\u00e3o dos Santos Fortes Vieira", "texto_original": "http://sapl.delfimmoreira.mg.leg.br/media/sapl/public/materialegislativa/2025/1616/indicacao_no_034-2025_sebastiao_-_manutencao_rua_ingrime_carros_deslizam.pdf", "ementa": "A manuten\u00e7\u00e3o e adapta\u00e7\u00e3o da rua em frente ao pr\u00e9dio do Paulo autope\u00e7as, considerando os problemas de trafegabilidade enfrentados pelos ve\u00edculos, especialmente em dias chuvosos."}, {"id": "1617", "ano": "2025", "numero": "35", "tipo__sigla": "Ind", "tipo__descricao": "INDICA\u00c7\u00c3O", "autoria": "", "texto_original": "http://sapl.delfimmoreira.mg.leg.br/media/sapl/public/materialegislativa/2025/1617/indicacao_no_035-2025_sebastiao_-_instalacao_faixa_de_pedestres_sup_lorena.pdf", "ementa": "Solicita a instala\u00e7\u00e3o de faixa de pedestres em frente ao supermercado Lorena."}, {"id": "1618", "ano": "2025", "numero": "36", "tipo__sigla": "Ind", "tipo__descricao": "INDICA\u00c7\u00c3O", "autoria": "Stella Cristina Cortez", "texto_original": "http://sapl.delfimmoreira.mg.leg.br/media/sapl/public/materialegislativa/2025/1618/indicacao_no_036-2025_stella_-_manutencao_relogios_de_pontos.pdf", "ementa": "Solicita a manuten\u00e7\u00e3o e atualiza\u00e7\u00e3o dos rel\u00f3gios de ponto da Prefeitura Municipal."}, {"id": "1619", "ano": "2025", "numero": "37", "tipo__sigla": "Ind", "tipo__descricao": "INDICA\u00c7\u00c3O", "autoria": "Thiago Siqueira Marques, H\u00e9der Alexandre Ribeiro Caminha, Mateus de Carvalho Ribeiro", "texto_original": "http://sapl.delfimmoreira.mg.leg.br/media/sapl/public/materialegislativa/2025/1619/indicacao_no_037-2025_mateus_-_thiago_-_man_estrada_rosario.pdf", "ementa": "Solicita a manuten\u00e7\u00e3o na estrada do Ros\u00e1rio."}, {"id": "1620", "ano": "2025", "numero": "38", "tipo__sigla": "Ind", "tipo__descricao": "INDICA\u00c7\u00c3O", "autoria": "Thiago Siqueira Marques", "texto_original": "http://sapl.delfimmoreira.mg.leg.br/media/sapl/public/materialegislativa/2025/1620/indicacao_no_038-2025_thiago_-_manutencao_-_estrada_agua_limpa.pdf", "ementa": "Solicita a Manuten\u00e7\u00e3o da estrada entre a \u00c1gua Limpa e Esta\u00e7\u00e3o."}, {"id": "1621", "ano": "2025", "numero": "39", "tipo__sigla": "Ind", "tipo__descricao": "INDICA\u00c7\u00c3O", "autoria": "Thiago Siqueira Marques, Ant\u00f4nio Luciano da Silva, Sebasti\u00e3o dos Santos Fortes Vieira", "texto_original": "http://sapl.delfimmoreira.mg.leg.br/media/sapl/public/materialegislativa/2025/1621/indicacao_no_039-2025_thiago_-_fibra_otica_mogiano.pdf", "ementa": "Solicita  instala\u00e7\u00e3o de extens\u00e3o de rede de fibra \u00f3tica ao bairro do Mogiano."}, {"id": "1622", "ano": "2025", "numero": "40", "tipo__sigla": "Ind", "tipo__descricao": "INDICA\u00c7\u00c3O", "autoria": "Mateus de Carvalho Ribeiro", "texto_original": "http://sapl.delfimmoreira.mg.leg.br/media/sapl/public/materialegislativa/2025/1622/indicacao_no_040-2025_mateus_-_iluminacao_publica_ponte_de_zinco.pdf", "ementa": "Solicita a viabilidade para a implanta\u00e7\u00e3o de ilumina\u00e7\u00e3o p\u00fablica no bairro Ponte de Zinco."}, {"id": "1623", "ano": "2025", "numero": "41", "tipo__sigla": "Ind", "tipo__descricao": "INDICA\u00c7\u00c3O", "autoria": "Mateus de Carvalho Ribeiro", "texto_original": "http://sapl.delfimmoreira.mg.leg.br/media/sapl/public/materialegislativa/2025/1623/indicacao_no_041-2025_mateus_-_lixeira_ponte_de_zinco_e_bicas.pdf", "ementa": "Solicita a instala\u00e7\u00e3o de lixeiras espec\u00edficas para res\u00edduos org\u00e2nicos e recicl\u00e1veis no bairro Ponte de Zinco e no Bairro Bicas."}, {"id": "1624", "ano": "2025", "numero": "42", "tipo__sigla": "Ind", "tipo__descricao": "INDICA\u00c7\u00c3O", "autoria": "Mateus de Carvalho Ribeiro", "texto_original": "http://sapl.delfimmoreira.mg.leg.br/media/sapl/public/materialegislativa/2025/1624/indicacao_no_042-2025_mateus_-_melhoria_na_estrada_das_bicas.pdf", "ementa": "Solicita a realiza\u00e7\u00e3o de melhorias e manuten\u00e7\u00e3o na estrada das Bicas, que interliga os bairros Buriqui, Boa Esperan\u00e7a e S\u00e3o Francisco."}, {"id": "1625", "ano": "2025", "numero": "43", "tipo__sigla": "Ind", "tipo__descricao": "INDICA\u00c7\u00c3O", "autoria": "Mateus de Carvalho Ribeiro", "texto_original": "http://sapl.delfimmoreira.mg.leg.br/media/sapl/public/materialegislativa/2025/1625/indicacao_no_043-2025_mateus_-_calcamento_nas_bicas.pdf", "ementa": "Viabilidade do cal\u00e7amento no bairro Bicas, especificamente no trecho que compreende a \u00e1rea em frente ao posto de sa\u00fade at\u00e9 a Capela de Nossa Senhora da Concei\u00e7\u00e3o Aparecida, bem como no trecho ap\u00f3s a ponte, na subida pr\u00f3xima \u00e0 serraria."}, {"id": "1626", "ano": "2025", "numero": "44", "tipo__sigla": "Ind", "tipo__descricao": "INDICA\u00c7\u00c3O", "autoria": "H\u00e9der Alexandre Ribeiro Caminha", "texto_original": "http://sapl.delfimmoreira.mg.leg.br/media/sapl/public/materialegislativa/2025/1626/indicacao_no_044-2025_heder-caixa_dagua_bairro_rosario.pdf", "ementa": "Solicita a retirada a barreira que deslizou sobre a caixa d'\u00e1gua localizada no in\u00edcio da Rua do Ros\u00e1rio."}, {"id": "1627", "ano": "2025", "numero": "45", "tipo__sigla": "Ind", "tipo__descricao": "INDICA\u00c7\u00c3O", "autoria": "H\u00e9der Alexandre Ribeiro Caminha", "texto_original": "http://sapl.delfimmoreira.mg.leg.br/media/sapl/public/materialegislativa/2025/1627/indicacao_no_045-2025_heder-calcada_do_outro_lado_da_roge.pdf", "ementa": "Solicita a realiza\u00e7\u00e3o do servi\u00e7o na Rua Clementino Batista da Cunha, especificamente para a constru\u00e7\u00e3o do passeio e concretagem do outro lado da Funda\u00e7\u00e3o ROG\u00ca."}, {"id": "1645", "ano": "2025", "numero": "46", "tipo__sigla": "Ind", "tipo__descricao": "INDICA\u00c7\u00c3O", "autoria": "Thiago Siqueira Marques, H\u00e9der Alexandre Ribeiro Caminha", "texto_original": "http://sapl.delfimmoreira.mg.leg.br/media/sapl/public/materialegislativa/2025/1645/indicacao_no_046-2025_thiago_-_agua_parada_terreno_fernanda.pdf", "ementa": "Provid\u00eancias em rela\u00e7\u00e3o a um problema de \u00e1gua parada na Rua Cl\u00e1udio Benedito de Freitas."}, {"id": "1646", "ano": "2025", "numero": "47", "tipo__sigla": "Ind", "tipo__descricao": "INDICA\u00c7\u00c3O", "autoria": "", "texto_original": "http://sapl.delfimmoreira.mg.leg.br/media/sapl/public/materialegislativa/2025/1646/indicacao_no_047-2025_thiago_-_aumento_coleta_lixo_monteiro.pdf", "ementa": "a possibilidade de aumentar a frequ\u00eancia da coleta de lixo no Bairro Santa Cruz, passando a ser realizada duas vezes por semana."}, {"id": "1647", "ano": "2025", "numero": "48", "tipo__sigla": "Ind", "tipo__descricao": "INDICA\u00c7\u00c3O", "autoria": "", "texto_original": "http://sapl.delfimmoreira.mg.leg.br/media/sapl/public/materialegislativa/2025/1647/indicacao_no_048-2025_heder-substituicao_parque_de_plastico.pdf", "ementa": "a substitui\u00e7\u00e3o do parquinho de madeira infantil, localizado na pra\u00e7a ao lado da esta\u00e7\u00e3o, por um playground infantil de pl\u00e1stico e sugiro que o local seja cercado e tenha um hor\u00e1rio de funcionamento."}, {"id": "1648", "ano": "2025", "numero": "49", "tipo__sigla": "Ind", "tipo__descricao": "INDICA\u00c7\u00c3O", "autoria": "H\u00e9der Alexandre Ribeiro Caminha", "texto_original": "http://sapl.delfimmoreira.mg.leg.br/media/sapl/public/materialegislativa/2025/1648/indicacao_no_049-2025_heder-melhoria_na_circulacao_do_onibus_escolar_na_barreira.pdf", "ementa": "uma melhoria na circula\u00e7\u00e3o do \u00f4nibus escolar no Bairro da Barreira, visando maior seguran\u00e7a e comodidade para os alunos."}, {"id": "1649", "ano": "2025", "numero": "50", "tipo__sigla": "Ind", "tipo__descricao": "INDICA\u00c7\u00c3O", "autoria": "Thiago Siqueira Marques", "texto_original": "http://sapl.delfimmoreira.mg.leg.br/media/sapl/public/materialegislativa/2025/1649/indicacao_no_050-2025_thiago_-_campeonato_de_taekwondo.pdf", "ementa": "analisar a possibilidade de incluir no cronograma de eventos de 2025 campeonato de Taekwondo."}, {"id": "1650", "ano": "2025", "numero": "51", "tipo__sigla": "Ind", "tipo__descricao": "INDICA\u00c7\u00c3O", "autoria": "H\u00e9der Alexandre Ribeiro Caminha", "texto_original": "http://sapl.delfimmoreira.mg.leg.br/media/sapl/public/materialegislativa/2025/1650/indicacao_no_051-2025_heder-lixeira_conteiner_rua_da_prefeitura.pdf", "ementa": "a possibilidade de instala\u00e7\u00e3o de uma lixeira cont\u00eainer na Rua Presidente Tancredo Neves, nas proximidades do port\u00e3o do p\u00e1tio da Prefeitura"}, {"id": "1651", "ano": "2025", "numero": "52", "tipo__sigla": "Ind", "tipo__descricao": "INDICA\u00c7\u00c3O", "autoria": "Jos\u00e9 Carlos Rodrigues", "texto_original": "http://sapl.delfimmoreira.mg.leg.br/media/sapl/public/materialegislativa/2025/1651/indicacao_no_052-2025__zeze_ponto_bairro_vila_rica.pdf", "ementa": "solicitar a linha de \u00f4nibus escolar at\u00e9 o  final do bairro Vila Rica."}, {"id": "1652", "ano": "2025", "numero": "53", "tipo__sigla": "Ind", "tipo__descricao": "INDICA\u00c7\u00c3O", "autoria": "Mateus de Carvalho Ribeiro", "texto_original": "http://sapl.delfimmoreira.mg.leg.br/media/sapl/public/materialegislativa/2025/1652/indicacao_no_053-2025_mateus_-_reforma_predio_turismo.pdf", "ementa": "a reforma na sede da Secretaria de Turismo, Cultura, Esporte e Lazer, antiga esta\u00e7\u00e3o ferrovi\u00e1ria do munic\u00edpio."}, {"id": "1653", "ano": "2025", "numero": "54", "tipo__sigla": "Ind", "tipo__descricao": "INDICA\u00c7\u00c3O", "autoria": "Mateus de Carvalho Ribeiro", "texto_original": "http://sapl.delfimmoreira.mg.leg.br/media/sapl/public/materialegislativa/2025/1653/indicacao_no_054-2025_mateus_-_reforma_parque_infantil.pdf", "ementa": "a reforma do parque infantil, nas proximidades da antiga esta\u00e7\u00e3o ferrovi\u00e1ria do munic\u00edpio."}, {"id": "1654", "ano": "2025", "numero": "55", "tipo__sigla": "Ind", "tipo__descricao": "INDICA\u00c7\u00c3O", "autoria": "H\u00e9der Alexandre Ribeiro Caminha, Sebasti\u00e3o dos Santos Fortes Vieira", "texto_original": "http://sapl.delfimmoreira.mg.leg.br/media/sapl/public/materialegislativa/2025/1654/indicacao_no_055-2025_heder-limpeza_rua_sao_benedito.pdf", "ementa": "indica ao Sr. Prefeito e \u00e0 Secretaria Municipal de Obras, ro\u00e7ada, limpeza na Rua S\u00e3o Benedito."}, {"id": "1655", "ano": "2025", "numero": "56", "tipo__sigla": "Ind", "tipo__descricao": "INDICA\u00c7\u00c3O", "autoria": "H\u00e9der Alexandre Ribeiro Caminha, Mateus de Carvalho Ribeiro", "texto_original": "http://sapl.delfimmoreira.mg.leg.br/media/sapl/public/materialegislativa/2025/1655/indicacao_no_056-2025_heder-limpeza_rua_tiradentes.pdf", "ementa": "indica ao Sr. Prefeito e \u00e0 Secretaria Municipal de Obras, ro\u00e7ada e limpeza na Rua Tiradentes."}, {"id": "1656", "ano": "2025", "numero": "57", "tipo__sigla": "Ind", "tipo__descricao": "INDICA\u00c7\u00c3O", "autoria": "H\u00e9der Alexandre Ribeiro Caminha, Sebasti\u00e3o dos Santos Fortes Vieira", "texto_original": "http://sapl.delfimmoreira.mg.leg.br/media/sapl/public/materialegislativa/2025/1656/indicacao_no_057-2025_sebastiao_-_melhoria_calcamento.pdf", "ementa": "indica ao Sr. Prefeito e \u00e0 Secretaria Municipal de Obras e Servi\u00e7os Urbanos, manuten\u00e7\u00e3o ao final da rua S\u00e3o Benedito"}, {"id": "1657", "ano": "2025", "numero": "58", "tipo__sigla": "Ind", "tipo__descricao": "INDICA\u00c7\u00c3O", "autoria": "Sebasti\u00e3o dos Santos Fortes Vieira", "texto_original": "http://sapl.delfimmoreira.mg.leg.br/media/sapl/public/materialegislativa/2025/1657/indicacao_no_058-2025_sebastiao_-_padronizacao_lixeiras.pdf", "ementa": "indica ao Sr. Prefeito e \u00e0 Secretaria Municipal de Obras e Servi\u00e7os Urbanos, levantamento e padroniza\u00e7\u00e3o das lixeiras no munic\u00edpio"}, {"id": "1658", "ano": "2025", "numero": "59", "tipo__sigla": "Ind", "tipo__descricao": "INDICA\u00c7\u00c3O", "autoria": "Thiago Siqueira Marques", "texto_original": "http://sapl.delfimmoreira.mg.leg.br/media/sapl/public/materialegislativa/2025/1658/indicacao_no_059-2025_thiago_-_volta_conserva.pdf", "ementa": "indica ao Sr. Prefeito e \u00e0 Secretaria Municipal de Obras e Servi\u00e7os Urbanos, a volta do Conserva nas estradas rurais"}, {"id": "1659", "ano": "2025", "numero": "60", "tipo__sigla": "Ind", "tipo__descricao": "INDICA\u00c7\u00c3O", "autoria": "Thiago Siqueira Marques", "texto_original": "http://sapl.delfimmoreira.mg.leg.br/media/sapl/public/materialegislativa/2025/1659/indicacao_no_060-2025_thiago_-_toner_estrategia_saude_familia.pdf", "ementa": "a aquisi\u00e7\u00e3o de \u201ctoners\u201d para as impressoras para a equipe de Estrat\u00e9gia e Sa\u00fade da Fam\u00edlia"}, {"id": "1660", "ano": "2025", "numero": "61", "tipo__sigla": "Ind", "tipo__descricao": "INDICA\u00c7\u00c3O", "autoria": "Thiago Siqueira Marques", "texto_original": "http://sapl.delfimmoreira.mg.leg.br/media/sapl/public/materialegislativa/2025/1660/indicacao_no_061-2025_thiago_-_barra_de_ferrro_praca_sebstiao.pdf", "ementa": "a retirada de um ferro instalado na pra\u00e7a Sebasti\u00e3o Rodrigues Ferreira"}, {"id": "1661", "ano": "2025", "numero": "62", "tipo__sigla": "Ind", "tipo__descricao": "INDICA\u00c7\u00c3O", "autoria": "Jucemar Paulo dos Santos", "texto_original": "http://sapl.delfimmoreira.mg.leg.br/media/sapl/public/materialegislativa/2025/1661/indicacao_no_062-2025_jucemar_-_bueiro_subida_matriz.pdf", "ementa": "a manuten\u00e7\u00e3o de um bueiro na esquina do hotel Sa\u00f5 Jo\u00e3o."}, {"id": "1662", "ano": "2025", "numero": "63", "tipo__sigla": "Ind", "tipo__descricao": "INDICA\u00c7\u00c3O", "autoria": "Jucemar Paulo dos Santos", "texto_original": "http://sapl.delfimmoreira.mg.leg.br/media/sapl/public/materialegislativa/2025/1662/indicacao_no_063-2025_jucemar_-_cascalhamento_rua.pdf", "ementa": "a manuten\u00e7\u00e3o da rua em frente a casa do Senhor Ac\u00e1ssio, ao lado do loteamento no bairro da Barreira"}, {"id": "1684", "ano": "2025", "numero": "64", "tipo__sigla": "Ind", "tipo__descricao": "INDICA\u00c7\u00c3O", "autoria": "Thiago Siqueira Marques", "texto_original": "http://sapl.delfimmoreira.mg.leg.br/media/sapl/public/materialegislativa/2025/1684/indicacao_no_064-2025_thiago_-_manutencao__rua_bairro_monteiro.pdf", "ementa": "realiza\u00e7\u00e3o de manuten\u00e7\u00e3o na Rua do bairro do Monteiro."}, {"id": "1685", "ano": "2025", "numero": "65", "tipo__sigla": "Ind", "tipo__descricao": "INDICA\u00c7\u00c3O", "autoria": "Thiago Siqueira Marques, Ant\u00f4nio Luciano da Silva, H\u00e9der Alexandre Ribeiro Caminha, Jos\u00e9 Carlos Rodrigues, Jucemar Paulo dos Santos, Mateus de Carvalho Ribeiro, Reinaldo S\u00e1vio Ribeiro, Sebasti\u00e3o dos Santos Fortes Vieira, Stella Cristina Cortez", "texto_original": "http://sapl.delfimmoreira.mg.leg.br/media/sapl/public/materialegislativa/2025/1685/indicacao_no_065-2025_todos_-_auxilio_aluguel_social.pdf", "ementa": "cria\u00e7\u00e3o de um Benef\u00edcio Eventual de Aux\u00edlio Aluguel Social no Munic\u00edpio de Delfim Moreira, como parte da pol\u00edtica municipal de assist\u00eancia social"}, {"id": "1686", "ano": "2025", "numero": "66", "tipo__sigla": "Ind", "tipo__descricao": "INDICA\u00c7\u00c3O", "autoria": "Ant\u00f4nio Luciano da Silva, Jucemar Paulo dos Santos, Reinaldo S\u00e1vio Ribeiro", "texto_original": "http://sapl.delfimmoreira.mg.leg.br/media/sapl/public/materialegislativa/2025/1686/indicacao_no_066-2025_reinaldo_-barranco_sertao.pdf", "ementa": "a realiza\u00e7\u00e3o de medidas corretivas em um barranco que est\u00e1 cedendo nas proximidades da quadra, no bairro Sert\u00e3o Pequeno."}, {"id": "1687", "ano": "2025", "numero": "67", "tipo__sigla": "Ind", "tipo__descricao": "INDICA\u00c7\u00c3O", "autoria": "Stella Cristina Cortez", "texto_original": "http://sapl.delfimmoreira.mg.leg.br/media/sapl/public/materialegislativa/2025/1687/indicacao_no_067-2025_stella_-_calhas_no_clube_das_maes.pdf", "ementa": "instala\u00e7\u00e3o de calhas nas duas laterais do Clube Casa das M\u00e3es."}, {"id": "1688", "ano": "2025", "numero": "68", "tipo__sigla": "Ind", "tipo__descricao": "INDICA\u00c7\u00c3O", "autoria": "Jucemar Paulo dos Santos, Thiago Siqueira Marques", "texto_original": "http://sapl.delfimmoreira.mg.leg.br/media/sapl/public/materialegislativa/2025/1688/indicacao_no_068-2025_jucemar_-_wifi.pdf", "ementa": "a instala\u00e7\u00e3o de rede de Wi-Fi gratuito na Unidade B\u00e1sica de Sa\u00fade (UBS) do centro."}, {"id": "1689", "ano": "2025", "numero": "69", "tipo__sigla": "Ind", "tipo__descricao": "INDICA\u00c7\u00c3O", "autoria": "Ant\u00f4nio Luciano da Silva, Thiago Siqueira Marques", "texto_original": "http://sapl.delfimmoreira.mg.leg.br/media/sapl/public/materialegislativa/2025/1689/indicacao_no_069-2025_thiago-_antonio_zumba_e_capoeira.pdf", "ementa": "sejam inclu\u00eddas nas atividades do munic\u00edpio aulas de Zumba e Capoeira para as comunidades das zonas rurais de Delfim Moreira."}, {"id": "1690", "ano": "2025", "numero": "70", "tipo__sigla": "Ind", "tipo__descricao": "INDICA\u00c7\u00c3O", "autoria": "Ant\u00f4nio Luciano da Silva, H\u00e9der Alexandre Ribeiro Caminha, Jos\u00e9 Carlos Rodrigues, Jucemar Paulo dos Santos, Mateus de Carvalho Ribeiro, Reinaldo S\u00e1vio Ribeiro, Sebasti\u00e3o dos Santos Fortes Vieira, Stella Cristina Cortez, Thiago Siqueira Marques", "texto_original": "http://sapl.delfimmoreira.mg.leg.br/media/sapl/public/materialegislativa/2025/1690/indicacao_no_070-2025_todos_-_limpeza_rio.pdf", "ementa": "indicam ao Sr. Prefeito, a limpeza do rio de nossa cidade."}, {"id": "1691", "ano": "2025", "numero": "71", "tipo__sigla": "Ind", "tipo__descricao": "INDICA\u00c7\u00c3O", "autoria": "Mateus de Carvalho Ribeiro", "texto_original": "http://sapl.delfimmoreira.mg.leg.br/media/sapl/public/materialegislativa/2025/1691/indicacao_no_071-2025_mateus_-_fundo_municipal_cultura.pdf", "ementa": "provid\u00eancias quanto a cria\u00e7\u00e3o de um fundo Municipal para incentivar a cultura em nosso munic\u00edpio."}, {"id": "1692", "ano": "2025", "numero": "72", "tipo__sigla": "Ind", "tipo__descricao": "INDICA\u00c7\u00c3O", "autoria": "Mateus de Carvalho Ribeiro", "texto_original": "http://sapl.delfimmoreira.mg.leg.br/media/sapl/public/materialegislativa/2025/1692/indicacao_no_072-2025_mateus_-_projeto_de_urbanizacao.pdf", "ementa": "provid\u00eancias quanto o desenvolvimento de um projeto de urbaniza\u00e7\u00e3o na cidade de Delfim Moreira-MG."}, {"id": "1693", "ano": "2025", "numero": "73", "tipo__sigla": "Ind", "tipo__descricao": "INDICA\u00c7\u00c3O", "autoria": "Mateus de Carvalho Ribeiro, H\u00e9der Alexandre Ribeiro Caminha, Sebasti\u00e3o dos Santos Fortes Vieira", "texto_original": "http://sapl.delfimmoreira.mg.leg.br/media/sapl/public/materialegislativa/2025/1693/indicacao_no_073-2025_mateus_heder_-_manutencao_tiradentes.pdf", "ementa": "a manuten\u00e7\u00e3o na rua Tiradentes, especificamente nas proximidades da resid\u00eancia do senhor Zez\u00e3o"}, {"id": "1694", "ano": "2025", "numero": "74", "tipo__sigla": "Ind", "tipo__descricao": "INDICA\u00c7\u00c3O", "autoria": "Mateus de Carvalho Ribeiro", "texto_original": "http://sapl.delfimmoreira.mg.leg.br/media/sapl/public/materialegislativa/2025/1694/indicacao_no_074-2025_mateus_-_manutencao_bigua_barreirinho.pdf", "ementa": "a manuten\u00e7\u00e3o na estrada do bairro do Bigu\u00e1 at\u00e9 o bairro do Barreirinho, antiga linha f\u00e9rrea."}, {"id": "1695", "ano": "2025", "numero": "75", "tipo__sigla": "Ind", "tipo__descricao": "INDICA\u00c7\u00c3O", "autoria": "Mateus de Carvalho Ribeiro", "texto_original": "http://sapl.delfimmoreira.mg.leg.br/media/sapl/public/materialegislativa/2025/1695/indicacao_no_075-2025_mateus_-_limpeza_ruas.pdf", "ementa": "a limpeza das ruas de Delfim Moreira com o caminh\u00e3o pipa."}, {"id": "1696", "ano": "2025", "numero": "76", "tipo__sigla": "Ind", "tipo__descricao": "INDICA\u00c7\u00c3O", "autoria": "Mateus de Carvalho Ribeiro", "texto_original": "http://sapl.delfimmoreira.mg.leg.br/media/sapl/public/materialegislativa/2025/1696/indicacao_no_076-2025_mateus_-_2o_congresso_turismo.pdf", "ementa": "provid\u00eancias quanto a realiza\u00e7\u00e3o do 2\u00ba Congresso Municipal de Turismo em nosso munic\u00edpio"}, {"id": "1697", "ano": "2025", "numero": "77", "tipo__sigla": "Ind", "tipo__descricao": "INDICA\u00c7\u00c3O", "autoria": "Mateus de Carvalho Ribeiro", "texto_original": "http://sapl.delfimmoreira.mg.leg.br/media/sapl/public/materialegislativa/2025/1697/indicacao_no_077-2025_mateus_-_criacao_ponte.pdf", "ementa": "o estudo quanto \u00e0 viabilidade de constru\u00e7\u00e3o de uma ponte ligando a Avenida do Encontro \u00e0 antiga linha f\u00e9rrea, nas proximidades da casa do Sr. Zezinho."}, {"id": "1698", "ano": "2025", "numero": "78", "tipo__sigla": "Ind", "tipo__descricao": "INDICA\u00c7\u00c3O", "autoria": "Sebasti\u00e3o dos Santos Fortes Vieira", "texto_original": "http://sapl.delfimmoreira.mg.leg.br/media/sapl/public/materialegislativa/2025/1698/indicacao_no_078-2025_sebastiao_-_criacao_fx_amarela.pdf", "ementa": "a instala\u00e7\u00e3o de faixa amarela por toda a extens\u00e3o da rua ao lado da pra\u00e7a sagrado cora\u00e7\u00e3o de Jesus."}, {"id": "1699", "ano": "2025", "numero": "79", "tipo__sigla": "Ind", "tipo__descricao": "INDICA\u00c7\u00c3O", "autoria": "Sebasti\u00e3o dos Santos Fortes Vieira", "texto_original": "http://sapl.delfimmoreira.mg.leg.br/media/sapl/public/materialegislativa/2025/1699/indicacao_no_079-2025_sebastiao_-_curso_primeiros_socorros.pdf", "ementa": "curso de primeiros socorros para os servidores de nossa educa\u00e7\u00e3o, incluindo professores, auxiliares, monitores e demais colaboradores que atuam nas escolas e creches do munic\u00edpio."}, {"id": "1700", "ano": "2025", "numero": "80", "tipo__sigla": "Ind", "tipo__descricao": "INDICA\u00c7\u00c3O", "autoria": "Jucemar Paulo dos Santos", "texto_original": "http://sapl.delfimmoreira.mg.leg.br/media/sapl/public/materialegislativa/2025/1700/indicacao_no_080-2025_jucemar_-_desentupimento_de_via.pdf", "ementa": "o desentupimento de um cano na extremidade da via, em frente \u00e0 Pousada Solar da Mantiqueira."}, {"id": "1701", "ano": "2025", "numero": "81", "tipo__sigla": "Ind", "tipo__descricao": "INDICA\u00c7\u00c3O", "autoria": "Jucemar Paulo dos Santos", "texto_original": "http://sapl.delfimmoreira.mg.leg.br/media/sapl/public/materialegislativa/2025/1701/indicacao_no_081-2025_jucemar_-_manutencao_bueiro.pdf", "ementa": "a manuten\u00e7\u00e3o de um bueiro na esquina da C\u00e2mara Municipal"}, {"id": "1702", "ano": "2025", "numero": "82", "tipo__sigla": "Ind", "tipo__descricao": "INDICA\u00c7\u00c3O", "autoria": "Jucemar Paulo dos Santos", "texto_original": "http://sapl.delfimmoreira.mg.leg.br/media/sapl/public/materialegislativa/2025/1702/indicacao_no_082-2025_jucemar_-_limpeza_banheiro.pdf", "ementa": "melhores condi\u00e7\u00f5es de higiene e conforto para os usu\u00e1rios no banheiro p\u00fablico municipal."}, {"id": "1703", "ano": "2025", "numero": "83", "tipo__sigla": "Ind", "tipo__descricao": "INDICA\u00c7\u00c3O", "autoria": "Thiago Siqueira Marques", "texto_original": "http://sapl.delfimmoreira.mg.leg.br/media/sapl/public/materialegislativa/2025/1703/indicacao_no_083-2025_thiago_-_rolo_compactor_pe_de_carneiro.pdf", "ementa": "providencie uma forma mais adequada de deslocamento do Rolo Compactador \"P\u00e9 de Carneiro\"."}, {"id": "1704", "ano": "2025", "numero": "84", "tipo__sigla": "Ind", "tipo__descricao": "INDICA\u00c7\u00c3O", "autoria": "Thiago Siqueira Marques", "texto_original": "http://sapl.delfimmoreira.mg.leg.br/media/sapl/public/materialegislativa/2025/1704/indicacao_no_084-2025_thiago_-_tratamento_dependente_quimico.pdf", "ementa": "a cria\u00e7\u00e3o de uma Casa de Apoio ou a formaliza\u00e7\u00e3o de conv\u00eanio com alguma institui\u00e7\u00e3o especializada no tratamento de dependentes qu\u00edmicos de drogas e \u00e1lcool."}, {"id": "1705", "ano": "2025", "numero": "85", "tipo__sigla": "Ind", "tipo__descricao": "INDICA\u00c7\u00c3O", "autoria": "Ant\u00f4nio Luciano da Silva", "texto_original": "http://sapl.delfimmoreira.mg.leg.br/media/sapl/public/materialegislativa/2025/1705/indicacao_no_085-2025_antonio_-_bairro_mogiano.pdf", "ementa": "manuten\u00e7\u00e3o de um bueiro no bairro Mogiano"}, {"id": "1706", "ano": "2025", "numero": "86", "tipo__sigla": "Ind", "tipo__descricao": "INDICA\u00c7\u00c3O", "autoria": "Ant\u00f4nio Luciano da Silva", "texto_original": "http://sapl.delfimmoreira.mg.leg.br/media/sapl/public/materialegislativa/2025/1706/indicacao_no_086-2025_antonio_-_ar_condicionado_sala_de_aula.pdf", "ementa": "a instala\u00e7\u00e3o de ar condicionado em sala de aula"}, {"id": "1707", "ano": "2025", "numero": "87", "tipo__sigla": "Ind", "tipo__descricao": "INDICA\u00c7\u00c3O", "autoria": "H\u00e9der Alexandre Ribeiro Caminha", "texto_original": "http://sapl.delfimmoreira.mg.leg.br/media/sapl/public/materialegislativa/2025/1707/indicacao_no_087-2025_heder-_manutencao_bueiro.pdf", "ementa": "a manuten\u00e7\u00e3o de um bueiro, nas proximidades da casa do \u201cNeco Costa\u201d"}, {"id": "1708", "ano": "2025", "numero": "88", "tipo__sigla": "Ind", "tipo__descricao": "INDICA\u00c7\u00c3O", "autoria": "H\u00e9der Alexandre Ribeiro Caminha", "texto_original": "http://sapl.delfimmoreira.mg.leg.br/media/sapl/public/materialegislativa/2025/1708/indicacao_no_088-_2025_heder_-_lombadas.pdf", "ementa": "a instala\u00e7\u00e3o de lombadas em locais estrat\u00e9gicos de nossa cidade"}, {"id": "1709", "ano": "2025", "numero": "89", "tipo__sigla": "Ind", "tipo__descricao": "INDICA\u00c7\u00c3O", "autoria": "H\u00e9der Alexandre Ribeiro Caminha", "texto_original": "http://sapl.delfimmoreira.mg.leg.br/media/sapl/public/materialegislativa/2025/1709/indicacao_no_089-_2025_heder_-_lagoa_da_fernanda.pdf", "ementa": "a manuten\u00e7\u00e3o de manilhas na rua Cl\u00e1udio Benedito de Freitas, pr\u00f3ximo \u00e0 lagoa da Fernanda."}, {"id": "1710", "ano": "2025", "numero": "90", "tipo__sigla": "Ind", "tipo__descricao": "INDICA\u00c7\u00c3O", "autoria": "H\u00e9der Alexandre Ribeiro Caminha", "texto_original": "http://sapl.delfimmoreira.mg.leg.br/media/sapl/public/materialegislativa/2025/1710/indicacao_no_090-_2025_heder_-_trevo_da_cidade.pdf", "ementa": "a limpeza, manuten\u00e7\u00e3o de placas no trevo da cidade e a retirada do outdoor que se encontra no mesmo local"}, {"id": "1728", "ano": "2025", "numero": "91", "tipo__sigla": "Ind", "tipo__descricao": "INDICA\u00c7\u00c3O", "autoria": "H\u00e9der Alexandre Ribeiro Caminha", "texto_original": "http://sapl.delfimmoreira.mg.leg.br/media/sapl/public/materialegislativa/2025/1728/indicacao_no_091-_2025_heder_-_sao_bernardo_ao_chora.pdf", "ementa": "a manuten\u00e7\u00e3o da estrada, do bairro S\u00e3o Bernardo ao bairro do Chora"}, {"id": "1729", "ano": "2025", "numero": "92", "tipo__sigla": "Ind", "tipo__descricao": "INDICA\u00c7\u00c3O", "autoria": "Mateus de Carvalho Ribeiro", "texto_original": "http://sapl.delfimmoreira.mg.leg.br/media/sapl/public/materialegislativa/2025/1729/indicacao_no_092-2025_mateus_-_fazenda_boa_esperanca.pdf", "ementa": "a manuten\u00e7\u00e3o e ro\u00e7ada na estrada da fazenda Boa Esperan\u00e7a."}, {"id": "1730", "ano": "2025", "numero": "93", "tipo__sigla": "Ind", "tipo__descricao": "INDICA\u00c7\u00c3O", "autoria": "Mateus de Carvalho Ribeiro", "texto_original": "http://sapl.delfimmoreira.mg.leg.br/media/sapl/public/materialegislativa/2025/1730/indicacao_no_093-2025_mateus_-_fundo_municipal_cultura.pdf", "ementa": "provid\u00eancias quanto ao envio de documentos e relatos do Pe. L\u00e9o  ao Secret\u00e1rio Estadual de Cultura e Turismo, Le\u00f4nidas Oliveira,  a fim de solicitar recursos para a constru\u00e7\u00e3o do memorial do Pe. L\u00e9o, no bairro do Bigu\u00e1 ."}, {"id": "1731", "ano": "2025", "numero": "94", "tipo__sigla": "Ind", "tipo__descricao": "INDICA\u00c7\u00c3O", "autoria": "Sebasti\u00e3o dos Santos Fortes Vieira", "texto_original": "http://sapl.delfimmoreira.mg.leg.br/media/sapl/public/materialegislativa/2025/1731/indicacao_no_094-2025.pdf", "ementa": "a manuten\u00e7\u00e3o de um bueiro no bairro da Barra"}, {"id": "1732", "ano": "2025", "numero": "95", "tipo__sigla": "Ind", "tipo__descricao": "INDICA\u00c7\u00c3O", "autoria": "Ant\u00f4nio Luciano da Silva", "texto_original": "http://sapl.delfimmoreira.mg.leg.br/media/sapl/public/materialegislativa/2025/1732/indicacao_no_095-2025_rocada_e_capina_bocaina.pdf", "ementa": "a limpeza com ro\u00e7ada e passagem da m\u00e1quina no trecho que inicia no bairro da Bocaina at\u00e9 a encruzilhada que d\u00e1 acesso ao bairro dos Lopes."}, {"id": "1733", "ano": "2025", "numero": "96", "tipo__sigla": "Ind", "tipo__descricao": "INDICA\u00c7\u00c3O", "autoria": "Thiago Siqueira Marques", "texto_original": "http://sapl.delfimmoreira.mg.leg.br/media/sapl/public/materialegislativa/2025/1733/indicacao_no_096-2025__thiago_calcamento_bairro_do_lima.pdf", "ementa": "um  cal\u00e7amento no Bairro do Lima de aproximadamente 150 metros de comprimento."}, {"id": "1734", "ano": "2025", "numero": "97", "tipo__sigla": "Ind", "tipo__descricao": "INDICA\u00c7\u00c3O", "autoria": "H\u00e9der Alexandre Ribeiro Caminha", "texto_original": "http://sapl.delfimmoreira.mg.leg.br/media/sapl/public/materialegislativa/2025/1734/indicacao_no_097-2025__heder_-_academia_ao_ar_livre.pdf", "ementa": "a instala\u00e7\u00e3o de uma academia ao ar livre no bairro Vila Rica"}, {"id": "1735", "ano": "2025", "numero": "98", "tipo__sigla": "Ind", "tipo__descricao": "INDICA\u00c7\u00c3O", "autoria": "Mateus de Carvalho Ribeiro", "texto_original": "http://sapl.delfimmoreira.mg.leg.br/media/sapl/public/materialegislativa/2025/1735/indicacao_no_098-2025__mateus_-__limpeza_rua.pdf", "ementa": "a limpeza da rua Evaristo Coura, pr\u00f3ximo \u00e0 Avenida do Encontro"}, {"id": "1736", "ano": "2025", "numero": "99", "tipo__sigla": "Ind", "tipo__descricao": "INDICA\u00c7\u00c3O", "autoria": "Mateus de Carvalho Ribeiro", "texto_original": "http://sapl.delfimmoreira.mg.leg.br/media/sapl/public/materialegislativa/2025/1736/indicacao_no_099-2025__mateus_pombos_poli.pdf", "ementa": "A ado\u00e7\u00e3o de medidas para solucionar o problema da entrada de pombos no Poliesportivo Ant\u00f4nio Carlos Ribeiro"}, {"id": "1737", "ano": "2025", "numero": "100", "tipo__sigla": "Ind", "tipo__descricao": "INDICA\u00c7\u00c3O", "autoria": "Thiago Siqueira Marques", "texto_original": "http://sapl.delfimmoreira.mg.leg.br/media/sapl/public/materialegislativa/2025/1737/indicacao_no_100-2025__thiago_manutencao_estrada_divisa.pdf", "ementa": "a manuten\u00e7\u00e3o da Estrada da Divisa, visando melhorias nas condi\u00e7\u00f5es de tr\u00e1fego para os moradores e usu\u00e1rios da via. Al\u00e9m disso, solicita-se um estudo de viabilidade para o cal\u00e7amento desta estrada"}, {"id": "1738", "ano": "2025", "numero": "101", "tipo__sigla": "Ind", "tipo__descricao": "INDICA\u00c7\u00c3O", "autoria": "Mateus de Carvalho Ribeiro", "texto_original": "http://sapl.delfimmoreira.mg.leg.br/media/sapl/public/materialegislativa/2025/1738/indicacao_no_101-2025_mateus_conscientizacao_agua.pdf", "ementa": "a ado\u00e7\u00e3o de medidas para a conscientiza\u00e7\u00e3o da popula\u00e7\u00e3o quanto ao uso respons\u00e1vel da \u00e1gua em nosso munic\u00edpio."}, {"id": "1739", "ano": "2025", "numero": "102", "tipo__sigla": "Ind", "tipo__descricao": "INDICA\u00c7\u00c3O", "autoria": "H\u00e9der Alexandre Ribeiro Caminha", "texto_original": "http://sapl.delfimmoreira.mg.leg.br/media/sapl/public/materialegislativa/2025/1739/indicacao_no_102-2025_heder_calcamento_caquende.pdf", "ementa": "que seja realizado o cal\u00e7amento da rua Henrique de Souza e Silva, no bairro Caquende, pr\u00f3ximo ao matadouro."}, {"id": "1740", "ano": "2025", "numero": "103", "tipo__sigla": "Ind", "tipo__descricao": "INDICA\u00c7\u00c3O", "autoria": "Mateus de Carvalho Ribeiro", "texto_original": "http://sapl.delfimmoreira.mg.leg.br/media/sapl/public/materialegislativa/2025/1740/indicacao_no_103-2025_mateus_-_motoristas_aplicativos.pdf", "ementa": "provid\u00eancias quanto a cursos de capacita\u00e7\u00e3o para motoristas de aplicativos ativos em nossa cidade."}, {"id": "1741", "ano": "2025", "numero": "104", "tipo__sigla": "Ind", "tipo__descricao": "INDICA\u00c7\u00c3O", "autoria": "H\u00e9der Alexandre Ribeiro Caminha", "texto_original": "http://sapl.delfimmoreira.mg.leg.br/media/sapl/public/materialegislativa/2025/1741/indicacao_no_104-2025_heder_instalacao_de_lixeira.pdf", "ementa": "que seja instalado  lixeira container na Rua Joaquim de Oliveira (pr\u00f3ximo a casa da Romilda)."}, {"id": "1742", "ano": "2025", "numero": "105", "tipo__sigla": "Ind", "tipo__descricao": "INDICA\u00c7\u00c3O", "autoria": "H\u00e9der Alexandre Ribeiro Caminha", "texto_original": "http://sapl.delfimmoreira.mg.leg.br/media/sapl/public/materialegislativa/2025/1742/indicacao_no_105-2025_hedermanutencao_da_estrada_que_liga_a_divisa_ao_mujolinho.pdf", "ementa": "manuten\u00e7\u00e3o da estrada que liga a Divisa ao Mujolinho."}, {"id": "1743", "ano": "2025", "numero": "106", "tipo__sigla": "Ind", "tipo__descricao": "INDICA\u00c7\u00c3O", "autoria": "Thiago Siqueira Marques", "texto_original": "http://sapl.delfimmoreira.mg.leg.br/media/sapl/public/materialegislativa/2025/1743/indicacao_no_106-2025__thiago_rocada_e_capina_bairro_rosario.pdf", "ementa": "que seja realizada a ro\u00e7ada e capina no bairro do Ros\u00e1rio."}, {"id": "1744", "ano": "2025", "numero": "107", "tipo__sigla": "Ind", "tipo__descricao": "INDICA\u00c7\u00c3O", "autoria": "Jucemar Paulo dos Santos", "texto_original": "http://sapl.delfimmoreira.mg.leg.br/media/sapl/public/materialegislativa/2025/1744/indicacao_no_107-2025__jucemar_manutencao_rua.pdf", "ementa": "a manuten\u00e7\u00e3o de um buraco em frente aos Correios, no centro da cidade."}, {"id": "1745", "ano": "2025", "numero": "108", "tipo__sigla": "Ind", "tipo__descricao": "INDICA\u00c7\u00c3O", "autoria": "Mateus de Carvalho Ribeiro", "texto_original": "http://sapl.delfimmoreira.mg.leg.br/media/sapl/public/materialegislativa/2025/1745/indicacao_no_108-_2025_mateus-_lombadas.pdf", "ementa": "a instala\u00e7\u00e3o de lombadas em locais estrat\u00e9gicos de nossa cidade:\r\n- Avenida Tancredo Neves, Pr\u00f3ximo ao \u201cbar do gordinho\u201d\r\n- no setor central da rua Jo\u00e3o Avelino de Assis"}, {"id": "1746", "ano": "2025", "numero": "109", "tipo__sigla": "Ind", "tipo__descricao": "INDICA\u00c7\u00c3O", "autoria": "H\u00e9der Alexandre Ribeiro Caminha", "texto_original": "http://sapl.delfimmoreira.mg.leg.br/media/sapl/public/materialegislativa/2025/1746/indicacao_no_109-2025_heder_manutencao_lopes.docx", "ementa": "a manuten\u00e7\u00e3o da estrada que liga o bairro Lopes ao bairro do Taquaral, uma vez que as atuais condi\u00e7\u00f5es da via t\u00eam dificultado a circula\u00e7\u00e3o de moradores, produtores rurais e demais usu\u00e1rios."}, {"id": "1747", "ano": "2025", "numero": "110", "tipo__sigla": "Ind", "tipo__descricao": "INDICA\u00c7\u00c3O", "autoria": "H\u00e9der Alexandre Ribeiro Caminha", "texto_original": "http://sapl.delfimmoreira.mg.leg.br/media/sapl/public/materialegislativa/2025/1747/indicacao_no_110-2025_heder_corte_araucaria_caquende.pdf", "ementa": "a provid\u00eancia quanto ao corte de uma arauc\u00e1ria localizada no bairro Caquende."}, {"id": "1748", "ano": "2025", "numero": "111", "tipo__sigla": "Ind", "tipo__descricao": "INDICA\u00c7\u00c3O", "autoria": "H\u00e9der Alexandre Ribeiro Caminha", "texto_original": "http://sapl.delfimmoreira.mg.leg.br/media/", "ementa": "que seja realizada a poda de uma \u00e1rvore localizada no terreno da Prefeitura, na Rua Joaquim de Oliveira."}, {"id": "1749", "ano": "2025", "numero": "112", "tipo__sigla": "Ind", "tipo__descricao": "INDICA\u00c7\u00c3O", "autoria": "H\u00e9der Alexandre Ribeiro Caminha", "texto_original": "http://sapl.delfimmoreira.mg.leg.br/media/sapl/public/materialegislativa/2025/1749/indicacao_no_112-2025_heder_bueiro_rua_laudelino_marcondes.pdf", "ementa": "a coloca\u00e7\u00e3o de uma tampa no bueiro localizado na Rua Laudelino Marcondes."}, {"id": "1750", "ano": "2025", "numero": "113", "tipo__sigla": "Ind", "tipo__descricao": "INDICA\u00c7\u00c3O", "autoria": "Mateus de Carvalho Ribeiro", "texto_original": "http://sapl.delfimmoreira.mg.leg.br/media/sapl/public/materialegislativa/2025/1750/indicacao_no_113-2025_mateus_-_tombamento_das_esculturas.pdf", "ementa": "que seja estudada a viabilidade de realizar o tombamento das esculturas de madeira do presbit\u00e9rio da Matriz de Nossa Senhora da Soledade, situadas no Munic\u00edpio de Delfim Moreira, MG."}, {"id": "1751", "ano": "2025", "numero": "114", "tipo__sigla": "Ind", "tipo__descricao": "INDICA\u00c7\u00c3O", "autoria": "Mateus de Carvalho Ribeiro", "texto_original": "http://sapl.delfimmoreira.mg.leg.br/media/sapl/public/materialegislativa/2025/1751/indicacao_no_114-2025_mateus_-_tombamento_vias_sacras.pdf", "ementa": "que seja estudada a viabilidade de realizar o tombamento das Vias Sacras da Igreja Matriz de Nossa Senhora da Soledade, situadas no Munic\u00edpio de Delfim Moreira, MG."}, {"id": "1752", "ano": "2025", "numero": "115", "tipo__sigla": "Ind", "tipo__descricao": "INDICA\u00c7\u00c3O", "autoria": "Mateus de Carvalho Ribeiro, Thiago Siqueira Marques", "texto_original": "http://sapl.delfimmoreira.mg.leg.br/media/sapl/public/materialegislativa/2025/1752/indicacao_no_115-2025_mateus_-_limpeza_cemiterio.pdf", "ementa": "que seja realizada, com urg\u00eancia, a reforma, manuten\u00e7\u00e3o, capina, ro\u00e7ada e manuten\u00e7\u00e3o nos muros do cemit\u00e9rio Municipal, tendo em vista o estado cr\u00edtico em que se encontra."}, {"id": "1753", "ano": "2025", "numero": "116", "tipo__sigla": "Ind", "tipo__descricao": "INDICA\u00c7\u00c3O", "autoria": "Ant\u00f4nio Luciano da Silva", "texto_original": "http://sapl.delfimmoreira.mg.leg.br/media/sapl/public/materialegislativa/2025/1753/indicacao_no_116-2025_antonio_-_bueiro-bairro_mogiano.pdf", "ementa": "a manuten\u00e7\u00e3o de um bueiro no bairro Mogiano pr\u00f3ximo a casa da \u201c Darca\u201d."}, {"id": "1754", "ano": "2025", "numero": "117", "tipo__sigla": "Ind", "tipo__descricao": "INDICA\u00c7\u00c3O", "autoria": "Sebasti\u00e3o dos Santos Fortes Vieira", "texto_original": "http://sapl.delfimmoreira.mg.leg.br/media/sapl/public/materialegislativa/2025/1754/indicacao_no_117-2025_sebastiao_-_cabeca_de_rua.pdf", "ementa": "que seja realizado a  manuten\u00e7\u00e3o das cabeceiras das ruas que unem as vias: Rua Henrique Gon\u00e7alves de Faria, Rua Joaquim On\u00f3rio de Melo e Rua Clementino Batista."}, {"id": "1755", "ano": "2025", "numero": "118", "tipo__sigla": "Ind", "tipo__descricao": "INDICA\u00c7\u00c3O", "autoria": "Ant\u00f4nio Luciano da Silva", "texto_original": "http://sapl.delfimmoreira.mg.leg.br/media/sapl/public/materialegislativa/2025/1755/indicacao_no_118-2025_antonio_-_galhos_ciprestes_-bairro_barirnha.pdf", "ementa": "a poda de galhos de ciprestes no bairro da Barrinha"}, {"id": "1756", "ano": "2025", "numero": "119", "tipo__sigla": "Ind", "tipo__descricao": "INDICA\u00c7\u00c3O", "autoria": "H\u00e9der Alexandre Ribeiro Caminha", "texto_original": "http://sapl.delfimmoreira.mg.leg.br/media/sapl/public/materialegislativa/2025/1756/indicacao_no_119-2025_heder_-_manutencao__rua_bairro_monteiro.pdf", "ementa": "realiza\u00e7\u00e3o de manuten\u00e7\u00e3o na rua do bairro do Monteiro."}, {"id": "1757", "ano": "2025", "numero": "120", "tipo__sigla": "Ind", "tipo__descricao": "INDICA\u00c7\u00c3O", "autoria": "H\u00e9der Alexandre Ribeiro Caminha", "texto_original": "http://sapl.delfimmoreira.mg.leg.br/media/sapl/public/materialegislativa/2025/1757/indicacao_no_120-2025_heder_-_limpeza_escola.pdf", "ementa": ", limpeza e ro\u00e7ada na Escola Municipal Vicentina Nogueira Gomes."}, {"id": "1758", "ano": "2025", "numero": "121", "tipo__sigla": "Ind", "tipo__descricao": "INDICA\u00c7\u00c3O", "autoria": "Stella Cristina Cortez", "texto_original": "http://sapl.delfimmoreira.mg.leg.br/media/sapl/public/materialegislativa/2025/1758/indicacao_no_121-2025_stella_-__portaria_de_ferias_funcionario.pdf", "ementa": "indica ao Sr. Prefeito e \u00e0 Secretaria Municipal de Administra\u00e7\u00e3o que passe a publicar, com maior celeridade e em tempo real, as Portarias de concess\u00e3o de f\u00e9rias dos servidores p\u00fablicos municipais."}, {"id": "1759", "ano": "2025", "numero": "122", "tipo__sigla": "Ind", "tipo__descricao": "INDICA\u00c7\u00c3O", "autoria": "Stella Cristina Cortez", "texto_original": "http://sapl.delfimmoreira.mg.leg.br/media/sapl/public/materialegislativa/2025/1759/indicacao_no_122-2025_stella_-_bueiro_hotel_sao_joao.pdf", "ementa": "manuten\u00e7\u00e3o de um bueiro na Rua Marechal Deodoro, rua do Hotel S\u00e3o Jo\u00e3o."}, {"id": "1760", "ano": "2025", "numero": "123", "tipo__sigla": "Ind", "tipo__descricao": "INDICA\u00c7\u00c3O", "autoria": "Ant\u00f4nio Luciano da Silva", "texto_original": "http://sapl.delfimmoreira.mg.leg.br/media/sapl/public/materialegislativa/2025/1760/indicacao_no_123-2025_antonio_-_bairro_barrinha_bueiro.pdf", "ementa": "a manuten\u00e7\u00e3o de dois bueiros no bairro da Barrinha , nas proximidades da \u201cAlice do Isac\u201d e \u201cpr\u00f3ximo \u00e0 Cruz\u201d"}, {"id": "1761", "ano": "2025", "numero": "124", "tipo__sigla": "Ind", "tipo__descricao": "INDICA\u00c7\u00c3O", "autoria": "H\u00e9der Alexandre Ribeiro Caminha, Jucemar Paulo dos Santos", "texto_original": "http://sapl.delfimmoreira.mg.leg.br/media/sapl/public/materialegislativa/2025/1761/indicacao_no_124-2025_heder_jucemar_-_rotas_caminhao.pdf", "ementa": "o estudo e a indica\u00e7\u00e3o de rotas e as devidas sinaliza\u00e7\u00f5es para adequar e orientar o tr\u00e1fego de caminh\u00f5es em nossa cidade."}, {"id": "1762", "ano": "2025", "numero": "125", "tipo__sigla": "Ind", "tipo__descricao": "INDICA\u00c7\u00c3O", "autoria": "Jos\u00e9 Carlos Rodrigues, Mateus de Carvalho Ribeiro, Reinaldo S\u00e1vio Ribeiro", "texto_original": "http://sapl.delfimmoreira.mg.leg.br/media/sapl/public/materialegislativa/2025/1762/indicacao_no_125-2025_mateuszeze_reinaldo_-_captacao_bairro_sao_bernardo.pdf", "ementa": "a melhoria na capta\u00e7\u00e3o e distribui\u00e7\u00e3o de \u00e1gua no bairro S\u00e3o Bernardo."}, {"id": "1763", "ano": "2025", "numero": "126", "tipo__sigla": "Ind", "tipo__descricao": "INDICA\u00c7\u00c3O", "autoria": "Mateus de Carvalho Ribeiro", "texto_original": "http://sapl.delfimmoreira.mg.leg.br/media/sapl/public/materialegislativa/2025/1763/indicacao_no_126-2025_mateus_-_limpeza_rio_monteiro.pdf", "ementa": "a limpeza do rio pr\u00f3ximo \u00e0 ponte no bairro do Monteiro."}, {"id": "1764", "ano": "2025", "numero": "127", "tipo__sigla": "Ind", "tipo__descricao": "INDICA\u00c7\u00c3O", "autoria": "Jucemar Paulo dos Santos, Mateus de Carvalho Ribeiro", "texto_original": "http://sapl.delfimmoreira.mg.leg.br/media/sapl/public/materialegislativa/2025/1764/indicacao_no_127-2025_mateus_jucemar_-_manutencao_posto_barreira_e_poliesportivo.pdf", "ementa": "manuten\u00e7\u00e3o do posto de sa\u00fade e no poliesportivo do bairro da Barreira"}, {"id": "1765", "ano": "2025", "numero": "128", "tipo__sigla": "Ind", "tipo__descricao": "INDICA\u00c7\u00c3O", "autoria": "Thiago Siqueira Marques", "texto_original": "http://sapl.delfimmoreira.mg.leg.br/media/sapl/public/materialegislativa/2025/1765/indicacao_no_128-2025__thiago_rocada_e_capina_bairro_rosario.pdf", "ementa": "que seja realizada a ro\u00e7ada e capina no bairro do Ros\u00e1rio."}, {"id": "1766", "ano": "2025", "numero": "129", "tipo__sigla": "Ind", "tipo__descricao": "INDICA\u00c7\u00c3O", "autoria": "Ant\u00f4nio Luciano da Silva", "texto_original": "http://sapl.delfimmoreira.mg.leg.br/media/sapl/public/materialegislativa/2025/1766/indicacao_no_129-2025_antonio_-_ponte_bairro_cachoeirinha.pdf", "ementa": "que seja realizada uma vistoria na ponte do bairro Cachoeirinha."}, {"id": "1767", "ano": "2025", "numero": "130", "tipo__sigla": "Ind", "tipo__descricao": "INDICA\u00c7\u00c3O", "autoria": "Mateus de Carvalho Ribeiro", "texto_original": "http://sapl.delfimmoreira.mg.leg.br/media/sapl/public/materialegislativa/2025/1767/indicacao_no_130-2025_mateus_-_solicita_calcamento_brumado.pdf", "ementa": "a possibilidade na continua\u00e7\u00e3o do cal\u00e7amento nas proximidades das casas da Solange, Lucimar, no bairro do Monteiro."}, {"id": "1768", "ano": "2025", "numero": "131", "tipo__sigla": "Ind", "tipo__descricao": "INDICA\u00c7\u00c3O", "autoria": "Mateus de Carvalho Ribeiro", "texto_original": "http://sapl.delfimmoreira.mg.leg.br/media/sapl/public/materialegislativa/2025/1768/indicacao_no_131-2025_mateus_-_solicita_retirada_entulho.pdf", "ementa": "a retirada de entulhos acumulados ao lado da lixeira, no bairro do Monteiro ."}, {"id": "1769", "ano": "2025", "numero": "132", "tipo__sigla": "Ind", "tipo__descricao": "INDICA\u00c7\u00c3O", "autoria": "Mateus de Carvalho Ribeiro", "texto_original": "http://sapl.delfimmoreira.mg.leg.br/media/sapl/public/materialegislativa/2025/1769/indicacao_no_132-2025_mateus_-_solicita_manutencao_bueiro.pdf", "ementa": "a limpeza e manuten\u00e7\u00e3o da rua e a cria\u00e7\u00e3o de um bueiro, nas proximidades da lixeira, no bairro do Monteiro."}, {"id": "1770", "ano": "2025", "numero": "133", "tipo__sigla": "Ind", "tipo__descricao": "INDICA\u00c7\u00c3O", "autoria": "Mateus de Carvalho Ribeiro", "texto_original": "http://sapl.delfimmoreira.mg.leg.br/media/sapl/public/materialegislativa/2025/1770/indicacao_no_133-2025_mateus_-_solicita_cronograma_sec_obras.pdf", "ementa": "o acesso ao cronograma das atividades prestadas pela Secretaria de Obras e Servi\u00e7os Urbanos"}, {"id": "1771", "ano": "2025", "numero": "134", "tipo__sigla": "Ind", "tipo__descricao": "INDICA\u00c7\u00c3O", "autoria": "Mateus de Carvalho Ribeiro", "texto_original": "http://sapl.delfimmoreira.mg.leg.br/media/sapl/public/materialegislativa/2025/1771/indicacao_no_134-2025_mateus_-_turismo.pdf", "ementa": "o estudo quanto \u00e0 possibilidade de aquisi\u00e7\u00e3o  do campo de futebol, no bairro do Ros\u00e1rio."}, {"id": "1772", "ano": "2025", "numero": "135", "tipo__sigla": "Ind", "tipo__descricao": "INDICA\u00c7\u00c3O", "autoria": "Sebasti\u00e3o dos Santos Fortes Vieira, Thiago Siqueira Marques", "texto_original": "http://sapl.delfimmoreira.mg.leg.br/media/sapl/public/materialegislativa/2025/1772/indicacao_no_135-2025__thiago_lazer_monteiro.pdf", "ementa": "a possibilidade de aquisi\u00e7\u00e3o de um terreno no bairro do Monteiro para proporcionar lazer \u00e0 popula\u00e7\u00e3o"}, {"id": "1773", "ano": "2025", "numero": "136", "tipo__sigla": "Ind", "tipo__descricao": "INDICA\u00c7\u00c3O", "autoria": "Mateus de Carvalho Ribeiro", "texto_original": "http://sapl.delfimmoreira.mg.leg.br/media/sapl/public/materialegislativa/2025/1773/indicacao_no_136-2025_mateus_bueiro_rua_laudelino_marcondes.pdf", "ementa": "a coloca\u00e7\u00e3o de uma tampa no bueiro localizado na Rua Laudelino Marcondes e para que seja revisto o tr\u00e1fego local atual da rua Paulino Faria"}, {"id": "1774", "ano": "2025", "numero": "137", "tipo__sigla": "Ind", "tipo__descricao": "INDICA\u00c7\u00c3O", "autoria": "Mateus de Carvalho Ribeiro, Sebasti\u00e3o dos Santos Fortes Vieira", "texto_original": "http://sapl.delfimmoreira.mg.leg.br/media/sapl/public/materialegislativa/2025/1774/indicacao_no_137-2025_mateus_bairro_barreiro.pdf", "ementa": "a destina\u00e7\u00e3o do material fresado proveniente da manuten\u00e7\u00e3o do pavimento de nossa rodovia para a realiza\u00e7\u00e3o de melhorias no Bairro Barreiro."}, {"id": "1775", "ano": "2025", "numero": "138", "tipo__sigla": "Ind", "tipo__descricao": "INDICA\u00c7\u00c3O", "autoria": "Ant\u00f4nio Luciano da Silva, H\u00e9der Alexandre Ribeiro Caminha, Mateus de Carvalho Ribeiro, Thiago Siqueira Marques", "texto_original": "http://sapl.delfimmoreira.mg.leg.br/media/sapl/public/materialegislativa/2025/1775/indicacao_no_138-2025_app.pdf", "ementa": "a cria\u00e7\u00e3o de um aplicativo municipal para dispositivos m\u00f3veis, visando facilitar o acesso dos mun\u00edcipes a servi\u00e7os essenciais da administra\u00e7\u00e3o p\u00fablica"}, {"id": "1776", "ano": "2025", "numero": "139", "tipo__sigla": "Ind", "tipo__descricao": "INDICA\u00c7\u00c3O", "autoria": "Ant\u00f4nio Luciano da Silva, H\u00e9der Alexandre Ribeiro Caminha, Mateus de Carvalho Ribeiro, Thiago Siqueira Marques", "texto_original": "http://sapl.delfimmoreira.mg.leg.br/media/sapl/public/materialegislativa/2025/1776/indicacao_no_139-2025_app_turismo.pdf", "ementa": ",  a cria\u00e7\u00e3o de um aplicativo municipal para dispositivos m\u00f3veis, visando facilitar o acesso dos mun\u00edcipes a servi\u00e7os essenciais da Secretaria."}, {"id": "1777", "ano": "2025", "numero": "140", "tipo__sigla": "Ind", "tipo__descricao": "INDICA\u00c7\u00c3O", "autoria": "Mateus de Carvalho Ribeiro", "texto_original": "http://sapl.delfimmoreira.mg.leg.br/media/sapl/public/materialegislativa/2025/1777/indicacao_no_140-2025_mateus_manutencao_estrada.pdf", "ementa": "solicitar manuten\u00e7\u00e3o na estrada de atalho que liga o bairro S\u00e3o Bernardo \u00e0 Divisa, estrada que passa pela resid\u00eancia do \u201cDito Chica\u201d."}, {"id": "1778", "ano": "2025", "numero": "141", "tipo__sigla": "Ind", "tipo__descricao": "INDICA\u00c7\u00c3O", "autoria": "Thiago Siqueira Marques", "texto_original": "http://sapl.delfimmoreira.mg.leg.br/media/sapl/public/materialegislativa/2025/1778/indicacao_no_141-2025_thiago_-_manutencao_-_estrada_agua_limpa.pdf", "ementa": "a manuten\u00e7\u00e3o da estrada entre a \u00c1gua Limpa e Esta\u00e7\u00e3o."}, {"id": "1779", "ano": "2025", "numero": "142", "tipo__sigla": "Ind", "tipo__descricao": "INDICA\u00c7\u00c3O", "autoria": "Thiago Siqueira Marques", "texto_original": "http://sapl.delfimmoreira.mg.leg.br/media/sapl/public/materialegislativa/2025/1779/indicacao_no_142-2025_thiago_-_heder_-__manutencao_claudio_benedito.pdf", "ementa": "a manuten\u00e7\u00e3o corretiva e preventiva das manilhas  na rua Cl\u00e1udio Benedito de Freitas"}, {"id": "1780", "ano": "2025", "numero": "143", "tipo__sigla": "Ind", "tipo__descricao": "INDICA\u00c7\u00c3O", "autoria": "Thiago Siqueira Marques", "texto_original": "http://sapl.delfimmoreira.mg.leg.br/media/sapl/public/materialegislativa/2025/1780/indicacao_no_143-2025_thiago-__banheiro_unidade_basica_de_saude.pdf", "ementa": "sejam tomadas as provid\u00eancias necess\u00e1rias para a instala\u00e7\u00e3o de um banheiro na Unidade B\u00e1sica de Sa\u00fade (UBS), a ser utilizado durante os atendimentos agendados, tais como consultas com os m\u00e9dicos da Estrat\u00e9gia de Sa\u00fade da Fam\u00edlia (ESF) e com o dentista."}, {"id": "1781", "ano": "2025", "numero": "144", "tipo__sigla": "Ind", "tipo__descricao": "INDICA\u00c7\u00c3O", "autoria": "Thiago Siqueira Marques", "texto_original": "http://sapl.delfimmoreira.mg.leg.br/media/sapl/public/materialegislativa/2025/1781/indicacao_no_144-2025.pdf", "ementa": "a manuten\u00e7\u00e3o da estrada da Turma, com in\u00edcio no final do cal\u00e7amento, pr\u00f3ximo \u00e0 resid\u00eancia da S\u00edlvia, at\u00e9 a resid\u00eancia da Zelda."}, {"id": "1782", "ano": "2025", "numero": "145", "tipo__sigla": "Ind", "tipo__descricao": "INDICA\u00c7\u00c3O", "autoria": "Stella Cristina Cortez", "texto_original": "http://sapl.delfimmoreira.mg.leg.br/media/sapl/public/materialegislativa/2025/1782/indicacao_no_145-2025.pdf", "ementa": "que seja realizado a abertura de valeta para escoamento de \u00e1gua e posterior cascalhamento \u2013 Alto do Bairro Ros\u00e1rio (sentido Cata dos Marins)."}, {"id": "1783", "ano": "2025", "numero": "146", "tipo__sigla": "Ind", "tipo__descricao": "INDICA\u00c7\u00c3O", "autoria": "Ant\u00f4nio Luciano da Silva, Sebasti\u00e3o dos Santos Fortes Vieira", "texto_original": "http://sapl.delfimmoreira.mg.leg.br/media/sapl/public/materialegislativa/2025/1783/indicacao_no_146-2025_antonio_sebastiao_-_bairro_taquaral_bueiro.pdf", "ementa": "a manuten\u00e7\u00e3o de um bueiro no bairro do Taquaral"}, {"id": "1784", "ano": "2025", "numero": "147", "tipo__sigla": "Ind", "tipo__descricao": "INDICA\u00c7\u00c3O", "autoria": "Ant\u00f4nio Luciano da Silva, Jos\u00e9 Carlos Rodrigues", "texto_original": "http://sapl.delfimmoreira.mg.leg.br/media/sapl/public/materialegislativa/2025/1784/indicacao_no_147-2025_antonio_zeze_-_bairro_lopes_manutencao.pdf", "ementa": "a manuten\u00e7\u00e3o na estrada do Cravo at\u00e9 a encruzilhada que vai ao bairro do Lopes."}, {"id": "1785", "ano": "2025", "numero": "148", "tipo__sigla": "Ind", "tipo__descricao": "INDICA\u00c7\u00c3O", "autoria": "Mateus de Carvalho Ribeiro", "texto_original": "http://sapl.delfimmoreira.mg.leg.br/media/sapl/public/materialegislativa/2025/1785/indicacao_no_148-2025_mateus_manutencao_ponte_jose_antonio_da_silva.pdf", "ementa": "a reforma da ponte \u201cJos\u00e9 Ant\u00f4nio da Silva\u201d"}, {"id": "1786", "ano": "2025", "numero": "149", "tipo__sigla": "Ind", "tipo__descricao": "INDICA\u00c7\u00c3O", "autoria": "Mateus de Carvalho Ribeiro", "texto_original": "http://sapl.delfimmoreira.mg.leg.br/media/sapl/public/materialegislativa/2025/1786/indicacao_no_149-2025_mateus_manutencao_ponte_do_encontro.pdf", "ementa": "indica ao Sr. Prefeito Municipal e \u00e0 Secretaria Municipal de Obras e Servi\u00e7os Urbanos, a reforma da \u201cPonte do Encontro"}, {"id": "1787", "ano": "2025", "numero": "150", "tipo__sigla": "Ind", "tipo__descricao": "INDICA\u00c7\u00c3O", "autoria": "Jucemar Paulo dos Santos", "texto_original": "http://sapl.delfimmoreira.mg.leg.br/media/sapl/public/materialegislativa/2025/1787/indicacao_no_150-2025__jucemar_manutencao_ruada_peixe.pdf", "ementa": "a manuten\u00e7\u00e3o na \u201cEstrada da Peixe"}, {"id": "1788", "ano": "2025", "numero": "151", "tipo__sigla": "Ind", "tipo__descricao": "INDICA\u00c7\u00c3O", "autoria": "Jucemar Paulo dos Santos", "texto_original": "http://sapl.delfimmoreira.mg.leg.br/media/sapl/public/materialegislativa/2025/1788/indicacao_no_151-2025__jucemar_trafego_veiculos_pesados.pdf", "ementa": "a fiscaliza\u00e7\u00e3o e o controle quanto \u00e0 passagem de maquin\u00e1rio pesado na rua Mariinha Maciel e o cal\u00e7amento novo pr\u00f3ximo \u00e0 \u201cTurma\u201d"}, {"id": "1789", "ano": "2025", "numero": "152", "tipo__sigla": "Ind", "tipo__descricao": "INDICA\u00c7\u00c3O", "autoria": "H\u00e9der Alexandre Ribeiro Caminha, Sebasti\u00e3o dos Santos Fortes Vieira", "texto_original": "http://sapl.delfimmoreira.mg.leg.br/media/sapl/public/materialegislativa/2025/1789/indicacao_no_152-2025_heder_-_bomba_reservao_sao_jose.pdf", "ementa": "a aquisi\u00e7\u00e3o de uma bomba d\u2019\u00e1gua reserva para o loteamento S\u00e3o Jos\u00e9"}, {"id": "1790", "ano": "2025", "numero": "153", "tipo__sigla": "Ind", "tipo__descricao": "INDICA\u00c7\u00c3O", "autoria": "H\u00e9der Alexandre Ribeiro Caminha", "texto_original": "http://sapl.delfimmoreira.mg.leg.br/media/sapl/public/materialegislativa/2025/1790/indicacao_no_153-2025_heder_-_melhoria_sao_benedito.pdf", "ementa": "a manuten\u00e7\u00e3o da rua S\u00e3o Benedito."}, {"id": "1791", "ano": "2025", "numero": "154", "tipo__sigla": "Ind", "tipo__descricao": "INDICA\u00c7\u00c3O", "autoria": "Jucemar Paulo dos Santos", "texto_original": "http://sapl.delfimmoreira.mg.leg.br/media/sapl/public/materialegislativa/2025/1791/indicacao_no_154-2025__jucemar_agua_bairro_vila_rica.pdf", "ementa": "provid\u00eancias urgentes quanto \u00e0 constante falta de \u00e1gua no bairro Vila Rica"}, {"id": "1801", "ano": "2025", "numero": "155", "tipo__sigla": "Ind", "tipo__descricao": "INDICA\u00c7\u00c3O", "autoria": "H\u00e9der Alexandre Ribeiro Caminha", "texto_original": "http://sapl.delfimmoreira.mg.leg.br/media/sapl/public/materialegislativa/2025/1801/indicacao_no_155-2025_heder_-_vazamento_rua_sao_jose.pdf", "ementa": "a manuten\u00e7\u00e3o de um vazamento no loteamento S\u00e3o Jos\u00e9, na rua Padre Ant\u00f4nio Rodrigues Ferreira"}, {"id": "1802", "ano": "2025", "numero": "156", "tipo__sigla": "Ind", "tipo__descricao": "INDICA\u00c7\u00c3O", "autoria": "H\u00e9der Alexandre Ribeiro Caminha", "texto_original": "http://sapl.delfimmoreira.mg.leg.br/media/sapl/public/materialegislativa/2025/1802/indicacao_no_156-2025_heder_-poda_eucalitpo_sao_jose.pdf", "ementa": "a possibilidade de realiza\u00e7\u00e3o da poda de um eucalipto localizado no Bairro S\u00e3o Jos\u00e9, pr\u00f3xima a resid\u00eancia do \u201cNeri\u201d."}, {"id": "1803", "ano": "2025", "numero": "157", "tipo__sigla": "Ind", "tipo__descricao": "INDICA\u00c7\u00c3O", "autoria": "Mateus de Carvalho Ribeiro", "texto_original": "http://sapl.delfimmoreira.mg.leg.br/media/sapl/public/materialegislativa/2025/1803/indicacao_no_157-2025__mateus_obras_bigua.pdf", "ementa": "a estimativa de conclus\u00e3o da obra de cal\u00e7amento do bairro do Bigu\u00e1, Pr\u00f3ximo \u00e0 esta\u00e7\u00e3o"}, {"id": "1804", "ano": "2025", "numero": "158", "tipo__sigla": "Ind", "tipo__descricao": "INDICA\u00c7\u00c3O", "autoria": "Mateus de Carvalho Ribeiro", "texto_original": "http://sapl.delfimmoreira.mg.leg.br/media/sapl/public/materialegislativa/2025/1804/indicacao_no_158-2025__mateus_corte_barranco_bigua.pdf", "ementa": "corte no barranco entre o  bairro do Bigu\u00e1 e o bairro da \u00c1gua Limpa, Pr\u00f3ximo \u00e0 esta\u00e7\u00e3o"}, {"id": "1805", "ano": "2025", "numero": "159", "tipo__sigla": "Ind", "tipo__descricao": "INDICA\u00c7\u00c3O", "autoria": "Mateus de Carvalho Ribeiro, Sebasti\u00e3o dos Santos Fortes Vieira", "texto_original": "http://sapl.delfimmoreira.mg.leg.br/media/sapl/public/materialegislativa/2025/1805/indicacao_no_159-2025__mateus_sebastiao_reinstalacao_trave_bairro_rosario.pdf", "ementa": "a reinstala\u00e7\u00e3o de uma trave no campo de futebol localizado no Bairro do Ros\u00e1rio, tendo em vista que a mesma se encontra quebrada e inutiliz\u00e1vel"}, {"id": "1806", "ano": "2025", "numero": "160", "tipo__sigla": "Ind", "tipo__descricao": "INDICA\u00c7\u00c3O", "autoria": "Jucemar Paulo dos Santos, Mateus de Carvalho Ribeiro", "texto_original": "http://sapl.delfimmoreira.mg.leg.br/media/sapl/public/materialegislativa/2025/1806/indicacao_no_160-2025__mateus_jucemar_manutencao_bicas_ate_ponte_de_zinco.pdf", "ementa": "a manuten\u00e7\u00e3o e cascalhamento da estrada entre o bairro das Bicas at\u00e9 a Ponte de Zinco"}, {"id": "1807", "ano": "2025", "numero": "161", "tipo__sigla": "Ind", "tipo__descricao": "INDICA\u00c7\u00c3O", "autoria": "Stella Cristina Cortez", "texto_original": "http://sapl.delfimmoreira.mg.leg.br/media/sapl/public/materialegislativa/2025/1807/indicacao_no_161-2025__stella_divulgacao_sinalizacao_rua_laudelino.pdf", "ementa": "que seja realizada uma divulga\u00e7\u00e3o mais ampla e eficaz acerca da recente troca de sinaliza\u00e7\u00e3o de tr\u00e2nsito na Rua Laudelino Marcondes."}, {"id": "1808", "ano": "2025", "numero": "162", "tipo__sigla": "Ind", "tipo__descricao": "INDICA\u00c7\u00c3O", "autoria": "Mateus de Carvalho Ribeiro", "texto_original": "http://sapl.delfimmoreira.mg.leg.br/media/sapl/public/materialegislativa/2025/1808/indicacao_no_162-2025__mateus_manutencao_estradas_rurais.pdf", "ementa": "que sejam realizadas manuten\u00e7\u00f5es com pedriscos retirados da obra de nossa rodovia MG 350 para a manuten\u00e7\u00e3o das estradas rurais nas devidas localidades: \r\n- Estrada do bairro S\u00e3o Bernardo, do cal\u00e7amento at\u00e9 a casa da Dona Cida e do Sr. Aureliano;\r\n- Estrada do bairro Monjolinho;\r\n- Estrada do bairro Barreirinho, nas proximidades da casa da Dona \u201cToninha\u201d"}, {"id": "1809", "ano": "2025", "numero": "163", "tipo__sigla": "Ind", "tipo__descricao": "INDICA\u00c7\u00c3O", "autoria": "Mateus de Carvalho Ribeiro", "texto_original": "http://sapl.delfimmoreira.mg.leg.br/media/sapl/public/materialegislativa/2025/1809/indicacao_no_163-2025___mateus_questionario_de_avaliacao_festa_do_marmelo.pdf", "ementa": "seja disponibilizado um question\u00e1rio de avalia\u00e7\u00e3o para os artes\u00e3os participantes e agentes da produ\u00e7\u00e3o associada ao turismo, com o objetivo de colher informa\u00e7\u00f5es sobre os aspectos positivos, pontos negativos e sugest\u00f5es de melhoria para as pr\u00f3ximas edi\u00e7\u00f5es de eventos tur\u00edsticos com a presen\u00e7a do setor."}, {"id": "1810", "ano": "2025", "numero": "164", "tipo__sigla": "Ind", "tipo__descricao": "INDICA\u00c7\u00c3O", "autoria": "Mateus de Carvalho Ribeiro", "texto_original": "http://sapl.delfimmoreira.mg.leg.br/media/sapl/public/materialegislativa/2025/1810/indicacao_no_164-2025__mateus_placa_entrada_da_cidade.pdf", "ementa": "que realize a transfer\u00eancia da placa indicativa de entrada da cidade para um local mais vis\u00edvel e estrat\u00e9gico, \u00e0s margens da rodovia MG-350, no sentido Delfim Moreira- Itajub\u00e1, preferencialmente nas proximidades da reta de acesso ao bairro Vila Rica, ou outro ponto que for tecnicamente mais adequado."}, {"id": "1811", "ano": "2025", "numero": "165", "tipo__sigla": "Ind", "tipo__descricao": "INDICA\u00c7\u00c3O", "autoria": "Jucemar Paulo dos Santos, H\u00e9der Alexandre Ribeiro Caminha", "texto_original": "http://sapl.delfimmoreira.mg.leg.br/media/sapl/public/materialegislativa/2025/1811/indicacao_no_165-2025_thiago-__passarela_pedestre_ponte_peixe.pdf", "ementa": "que seja providenciada a instala\u00e7\u00e3o de uma passarela provis\u00f3ria para pedestres e ciclistas no Bairro da Peixe, at\u00e9 que a obra da ponte seja devidamente conclu\u00edda."}, {"id": "1812", "ano": "2025", "numero": "166", "tipo__sigla": "Ind", "tipo__descricao": "INDICA\u00c7\u00c3O", "autoria": "Jos\u00e9 Carlos Rodrigues", "texto_original": "http://sapl.delfimmoreira.mg.leg.br/media/sapl/public/materialegislativa/2025/1812/indicacao_no_166-2025_jose_carlos_-_nome_fantasia_poliesportivo.pdf", "ementa": "que seja providenciada a instala\u00e7\u00e3o de um letreiro com o nome fantasia \"Calit\u00e3o\" no Poliesportivo Ant\u00f4nio Carlos Ribeiro, localizado no Centro de nossa cidade"}, {"id": "1813", "ano": "2025", "numero": "167", "tipo__sigla": "Ind", "tipo__descricao": "INDICA\u00c7\u00c3O", "autoria": "H\u00e9der Alexandre Ribeiro Caminha, Mateus de Carvalho Ribeiro, Thiago Siqueira Marques", "texto_original": "http://sapl.delfimmoreira.mg.leg.br/media/sapl/public/materialegislativa/2025/1813/indicacao_no_167-2025_mateus_-_heder_-_estrada_bairro_do_rosario.pdf", "ementa": "que seja providenciada a ro\u00e7ada e patrolagem na estrada do bairro do Ros\u00e1rio."}, {"id": "1814", "ano": "2025", "numero": "168", "tipo__sigla": "Ind", "tipo__descricao": "INDICA\u00c7\u00c3O", "autoria": "Mateus de Carvalho Ribeiro", "texto_original": "http://sapl.delfimmoreira.mg.leg.br/media/sapl/public/materialegislativa/2025/1814/indicacao_no_168-2025__mateus_rocada_campo_rosario.pdf", "ementa": "a ro\u00e7ada no campo de futebol localizado no Bairro do Ros\u00e1rio."}, {"id": "1815", "ano": "2025", "numero": "169", "tipo__sigla": "Ind", "tipo__descricao": "INDICA\u00c7\u00c3O", "autoria": "Mateus de Carvalho Ribeiro", "texto_original": "http://sapl.delfimmoreira.mg.leg.br/media/sapl/public/materialegislativa/2025/1815/indicacao_no_169-2025__limpeza_pintura_e_demais_cuidados_bairro_rosario.pdf", "ementa": "a limpeza, pintura e demais cuidados no centro do bairro do Ros\u00e1rio"}, {"id": "1816", "ano": "2025", "numero": "170", "tipo__sigla": "Ind", "tipo__descricao": "INDICA\u00c7\u00c3O", "autoria": "Mateus de Carvalho Ribeiro", "texto_original": "http://sapl.delfimmoreira.mg.leg.br/media/sapl/public/materialegislativa/2025/1816/indicacao_no_170-2025_manutencao_rua_bairro_do_rosario.pdf", "ementa": "a manuten\u00e7\u00e3o que d\u00e1 acesso \u00e0 barraca na subida logo ap\u00f3s o posto de sa\u00fade, no bairro do Ros\u00e1rio."}, {"id": "1817", "ano": "2025", "numero": "171", "tipo__sigla": "Ind", "tipo__descricao": "INDICA\u00c7\u00c3O", "autoria": "Mateus de Carvalho Ribeiro, Jucemar Paulo dos Santos", "texto_original": "http://sapl.delfimmoreira.mg.leg.br/media/sapl/public/materialegislativa/2025/1817/indicacao_no_171-2025_manutencao_ponte_rio_comprido.pdf", "ementa": ", a manuten\u00e7\u00e3o na entrada da  ponte, no bairro Rio Comprido."}, {"id": "1818", "ano": "2025", "numero": "172", "tipo__sigla": "Ind", "tipo__descricao": "INDICA\u00c7\u00c3O", "autoria": "Sebasti\u00e3o dos Santos Fortes Vieira", "texto_original": "http://sapl.delfimmoreira.mg.leg.br/media/sapl/public/materialegislativa/2025/1818/indicacao_no_172-2025_manutencao_cemig_mato_alto_brumado.pdf", "ementa": "a solicita\u00e7\u00e3o de limpeza da empresa CEMIG no bairro do Brumado, nas proximidades do \u201cbarrac\u00e3o do Vaninho\u201d"}, {"id": "1819", "ano": "2025", "numero": "173", "tipo__sigla": "Ind", "tipo__descricao": "INDICA\u00c7\u00c3O", "autoria": "Mateus de Carvalho Ribeiro", "texto_original": "http://sapl.delfimmoreira.mg.leg.br/media/", "ementa": "a recoloca\u00e7\u00e3o das traves no campos do bairro Sert\u00e3o Pequeno de baixo e bairro do Ros\u00e1rio."}, {"id": "1820", "ano": "2025", "numero": "174", "tipo__sigla": "Ind", "tipo__descricao": "INDICA\u00c7\u00c3O", "autoria": "H\u00e9der Alexandre Ribeiro Caminha, Mateus de Carvalho Ribeiro, Thiago Siqueira Marques", "texto_original": "http://sapl.delfimmoreira.mg.leg.br/media/sapl/public/materialegislativa/2025/1820/indicacao_no_174-2025_heder_limpeza_e_restauracao_cemiterio.pdf", "ementa": "a Limpeza no cemit\u00e9rio e manuten\u00e7\u00e3o nos muros que est\u00e3o caindo."}, {"id": "1821", "ano": "2025", "numero": "175", "tipo__sigla": "Ind", "tipo__descricao": "INDICA\u00c7\u00c3O", "autoria": "H\u00e9der Alexandre Ribeiro Caminha", "texto_original": "http://sapl.delfimmoreira.mg.leg.br/media/sapl/public/materialegislativa/2025/1821/indicacao_no_175-2025_heder_reiteracao_pedido_-_divisa_ao_mujolinho.pdf", "ementa": "manuten\u00e7\u00e3o da estrada que liga a Divisa ao Mujolinho."}, {"id": "1822", "ano": "2025", "numero": "176", "tipo__sigla": "Ind", "tipo__descricao": "INDICA\u00c7\u00c3O", "autoria": "H\u00e9der Alexandre Ribeiro Caminha, Thiago Siqueira Marques", "texto_original": "http://sapl.delfimmoreira.mg.leg.br/media/sapl/public/materialegislativa/2025/1822/indicacao_no_176-2025_heder_limpeza_patio_filomena.pdf", "ementa": "solicita\u00e7\u00e3o de limpeza dos lixos acumulados e destina\u00e7\u00e3o aos carros da prefeitura que encontram parados, ambos no p\u00e1tio da Escola Municipal Filomena Peixoto Faria."}, {"id": "1823", "ano": "2025", "numero": "177", "tipo__sigla": "Ind", "tipo__descricao": "INDICA\u00c7\u00c3O", "autoria": "Jucemar Paulo dos Santos", "texto_original": "http://sapl.delfimmoreira.mg.leg.br/media/sapl/public/materialegislativa/2025/1823/indicacao_no_177-2025__jucemar_banco_da_praca.pdf", "ementa": "provid\u00eancias quanto \u00e0 manuten\u00e7\u00e3o de um banco na pra\u00e7a Sebasti\u00e3o Rodrigues Ferreira"}, {"id": "1824", "ano": "2025", "numero": "178", "tipo__sigla": "Ind", "tipo__descricao": "INDICA\u00c7\u00c3O", "autoria": "Jucemar Paulo dos Santos", "texto_original": "http://sapl.delfimmoreira.mg.leg.br/media/sapl/public/materialegislativa/2025/1824/indicacao_no_178-2025_jucemar_-_bueiro_hotel_sao_joao.pdf", "ementa": "manuten\u00e7\u00e3o de um bueiro na Rua Marechal Deodoro, rua do Hotel S\u00e3o Jo\u00e3o."}, {"id": "1825", "ano": "2025", "numero": "179", "tipo__sigla": "Ind", "tipo__descricao": "INDICA\u00c7\u00c3O", "autoria": "Sebasti\u00e3o dos Santos Fortes Vieira", "texto_original": "http://sapl.delfimmoreira.mg.leg.br/media/sapl/public/materialegislativa/2025/1825/indicacao_no_179-2025_sebastiao_-_reforma_parque_infantil.pdf", "ementa": "indica ao Sr. Prefeito, a reforma do parque infantil, nas proximidades da antiga esta\u00e7\u00e3o ferrovi\u00e1ria do munic\u00edpio."}, {"id": "1826", "ano": "2025", "numero": "180", "tipo__sigla": "Ind", "tipo__descricao": "INDICA\u00c7\u00c3O", "autoria": "Stella Cristina Cortez", "texto_original": "http://sapl.delfimmoreira.mg.leg.br/media/sapl/public/materialegislativa/2025/1826/indicacao_no_180-2025__stella_estrada_do_rosario.pdf", "ementa": "que seja realizado a abertura de valeta para escoamento de \u00e1gua e posterior cascalhamento \u2013 Alto do Bairro Ros\u00e1rio (sentido Cata dos Marins)."}, {"id": "1827", "ano": "2025", "numero": "181", "tipo__sigla": "Ind", "tipo__descricao": "INDICA\u00c7\u00c3O", "autoria": "H\u00e9der Alexandre Ribeiro Caminha", "texto_original": "http://sapl.delfimmoreira.mg.leg.br/media/sapl/public/materialegislativa/2025/1827/indicacao_no_181-2025_heder_rede_de_esgoto_vila_rica.pdf", "ementa": "a Manuten\u00e7\u00e3o de rede esgoto do bairro Vila Rica que passa pr\u00f3ximo a casa do Luiz Carlos Gon\u00e7alves e Jos\u00e9 Jorge."}, {"id": "1828", "ano": "2025", "numero": "182", "tipo__sigla": "Ind", "tipo__descricao": "INDICA\u00c7\u00c3O", "autoria": "Thiago Siqueira Marques", "texto_original": "http://sapl.delfimmoreira.mg.leg.br/media/sapl/public/materialegislativa/2025/1828/indicacao_no_182-2025_thiago_vargem_grande.pdf", "ementa": "a Manuten\u00e7\u00e3o da estrada da Vargem Grande, com a aplica\u00e7\u00e3o de cascalho para melhorar as condi\u00e7\u00f5es de tr\u00e1fego."}, {"id": "1829", "ano": "2025", "numero": "183", "tipo__sigla": "Ind", "tipo__descricao": "INDICA\u00c7\u00c3O", "autoria": "Thiago Siqueira Marques", "texto_original": "http://sapl.delfimmoreira.mg.leg.br/media/sapl/public/materialegislativa/2025/1829/indicacao_no_183-2025_thiago_manutencao_bairro_agua_limpa.pdf", "ementa": "indica ao Sr. Prefeito Municipal e \u00e0 Secretaria Municipal de Obras e Servi\u00e7os Urbanos, as seguintes provid\u00eancias para o bairro \u00c1gua Limpa:\r\n1.\tRealiza\u00e7\u00e3o de ro\u00e7ada e limpeza nas vias e \u00e1reas p\u00fablicas;\r\n2.\tManuten\u00e7\u00e3o no reservat\u00f3rio de \u00e1gua, garantindo o bom funcionamento e abastecimento adequado;\r\n3.\tRetorno de um funcion\u00e1rio conserva fixo, para a manuten\u00e7\u00e3o cont\u00ednua da localidade."}, {"id": "1841", "ano": "2025", "numero": "184", "tipo__sigla": "Ind", "tipo__descricao": "INDICA\u00c7\u00c3O", "autoria": "Thiago Siqueira Marques", "texto_original": "http://sapl.delfimmoreira.mg.leg.br/media/sapl/public/materialegislativa/2025/1841/indicacao_no_184-2025_thiago_semana_enfermagem.pdf", "ementa": "O vereador que a esta subscreve, nos termos regimentais vigentes, indica ao Sr. Prefeito Municipal e \u00e0 Secretaria Municipal de Sa\u00fade, que seja promovido em nosso munic\u00edpio a semana da enfermagem  com cursos e capacita\u00e7\u00f5es"}, {"id": "1842", "ano": "2025", "numero": "185", "tipo__sigla": "Ind", "tipo__descricao": "INDICA\u00c7\u00c3O", "autoria": "Ant\u00f4nio Luciano da Silva, H\u00e9der Alexandre Ribeiro Caminha, Jos\u00e9 Carlos Rodrigues, Jucemar Paulo dos Santos, Mateus de Carvalho Ribeiro, Reinaldo S\u00e1vio Ribeiro, Sebasti\u00e3o dos Santos Fortes Vieira, Stella Cristina Cortez, Thiago Siqueira Marques", "texto_original": "http://sapl.delfimmoreira.mg.leg.br/media/sapl/public/materialegislativa/2025/1842/indicacao_no_185-2025_todos_volta_conserva.pdf", "ementa": "a volta do servi\u00e7o do CONSERVA em bairros rurais de nosso munic\u00edpio"}, {"id": "1843", "ano": "2025", "numero": "186", "tipo__sigla": "Ind", "tipo__descricao": "INDICA\u00c7\u00c3O", "autoria": "Thiago Siqueira Marques", "texto_original": "http://sapl.delfimmoreira.mg.leg.br/media/sapl/public/materialegislativa/2025/1843/indicacao_no_186-2025_thiago_servidor_fixo_cemiterio.pdf", "ementa": "um servidor fixo para atuar no Cemit\u00e9rio Municipal, a fim de atender \u00e0s demandas essenciais e rotineiras de manuten\u00e7\u00e3o e conserva\u00e7\u00e3o do espa\u00e7o,"}, {"id": "1844", "ano": "2025", "numero": "187", "tipo__sigla": "Ind", "tipo__descricao": "INDICA\u00c7\u00c3O", "autoria": "Sebasti\u00e3o dos Santos Fortes Vieira", "texto_original": "http://sapl.delfimmoreira.mg.leg.br/media/sapl/public/materialegislativa/2025/1844/indicacao_no_187-2025.pdf", "ementa": "a instala\u00e7\u00e3o de faixa de  pedestre no centro da cidade, em frente ao Bar do S\u00e9rgio e ao rel\u00f3gio"}, {"id": "1845", "ano": "2025", "numero": "188", "tipo__sigla": "Ind", "tipo__descricao": "INDICA\u00c7\u00c3O", "autoria": "H\u00e9der Alexandre Ribeiro Caminha", "texto_original": "http://sapl.delfimmoreira.mg.leg.br/media/sapl/public/materialegislativa/2025/1845/indicacao_no_188-2025.pdf", "ementa": "a manuten\u00e7\u00e3o do cal\u00e7amento no Loteamento S\u00e3o Jos\u00e9, nas proximidades da resid\u00eancia do senhor Paulo da \u00c1gua."}, {"id": "1846", "ano": "2025", "numero": "189", "tipo__sigla": "Ind", "tipo__descricao": "INDICA\u00c7\u00c3O", "autoria": "H\u00e9der Alexandre Ribeiro Caminha", "texto_original": "http://sapl.delfimmoreira.mg.leg.br/media/sapl/public/materialegislativa/2025/1846/indicacao_no_189-2025.pdf", "ementa": "que seja providenciada a abertura dos banheiros da quadra poliesportiva \u201cTio Carmelo\u201d aos finais de semana, especialmente nos dias em que ocorrem jogos e eventos esportivos."}, {"id": "1847", "ano": "2025", "numero": "190", "tipo__sigla": "Ind", "tipo__descricao": "INDICA\u00c7\u00c3O", "autoria": "Mateus de Carvalho Ribeiro", "texto_original": "http://sapl.delfimmoreira.mg.leg.br/media/sapl/public/materialegislativa/2025/1847/indicacao_no_190-2025__mateus_rocada_e_capina_academia_sao_bernardo.pdf", "ementa": "a limpeza e ro\u00e7ada na academia ao ar livre no bairro S\u00e3o Bernardo."}, {"id": "1848", "ano": "2025", "numero": "191", "tipo__sigla": "Ind", "tipo__descricao": "INDICA\u00c7\u00c3O", "autoria": "Ant\u00f4nio Luciano da Silva", "texto_original": "http://sapl.delfimmoreira.mg.leg.br/media/sapl/public/materialegislativa/2025/1848/indicacao_no_191-2025_antonio_-_ponto_de_onibus_e_lixeira_na_agua_limpa.pdf", "ementa": "a instala\u00e7\u00e3o de uma lixeira no final do bairro \u00e1gua Limpa e reitera o pedido da Indica\u00e7\u00e3o n\u00ba 95, de mar\u00e7o de 2021, na qual solicitou a instala\u00e7\u00e3o de um abrigo para ponto de \u00f4nibus no final do bairro \u00c1gua Limpa, nas proximidades da resid\u00eancia do senhor Rafael."}, {"id": "1849", "ano": "2025", "numero": "192", "tipo__sigla": "Ind", "tipo__descricao": "INDICA\u00c7\u00c3O", "autoria": "Mateus de Carvalho Ribeiro", "texto_original": "http://sapl.delfimmoreira.mg.leg.br/media/sapl/public/materialegislativa/2025/1849/indicacao_no_192-2025__mateus_rocada_e_manutencao_bairro_barreirinho.pdf", "ementa": "Que  sejam realizadas as seguintes a\u00e7\u00f5es no bairro Barreirinho:\r\n\u2022\tServi\u00e7o de limpeza e ro\u00e7ada da estrada principal;\r\n\u2022\tManuten\u00e7\u00e3o da estrada interna do bairro."}, {"id": "1850", "ano": "2025", "numero": "193", "tipo__sigla": "Ind", "tipo__descricao": "INDICA\u00c7\u00c3O", "autoria": "Thiago Siqueira Marques", "texto_original": "http://sapl.delfimmoreira.mg.leg.br/media/sapl/public/materialegislativa/2025/1850/indicacao_no_193-2025_thiago_corrida_outubro_rosa.pdf", "ementa": "para que estude a possibilidade de promover, no m\u00eas de outubro, uma corrida ou caminhada em alus\u00e3o ao Outubro Rosa, campanha de conscientiza\u00e7\u00e3o e preven\u00e7\u00e3o ao c\u00e2ncer de mama."}, {"id": "1851", "ano": "2025", "numero": "194", "tipo__sigla": "Ind", "tipo__descricao": "INDICA\u00c7\u00c3O", "autoria": "Stella Cristina Cortez", "texto_original": "http://sapl.delfimmoreira.mg.leg.br/media/sapl/public/materialegislativa/2025/1851/indicacao_no_194-2025__stella_calcamento_do_rosario.pdf", "ementa": "que seja verificada a situa\u00e7\u00e3o da obra de cal\u00e7amento no bairro Ros\u00e1rio, iniciada \u00e0 \u00e9poca do per\u00edodo eleitoral, mas que permanece paralisada."}, {"id": "1852", "ano": "2025", "numero": "195", "tipo__sigla": "Ind", "tipo__descricao": "INDICA\u00c7\u00c3O", "autoria": "Stella Cristina Cortez", "texto_original": "http://sapl.delfimmoreira.mg.leg.br/media/sapl/public/materialegislativa/2025/1852/indicacao_no_195-2025__stella__bloquete_rua_benedito_de_freitas.pdf", "ementa": "que providencie, com urg\u00eancia, a reposi\u00e7\u00e3o dos bloquetes na Rua Benedito de Freitas, nas proximidades do n\u00famero 460."}, {"id": "1853", "ano": "2025", "numero": "196", "tipo__sigla": "Ind", "tipo__descricao": "INDICA\u00c7\u00c3O", "autoria": "Stella Cristina Cortez", "texto_original": "http://sapl.delfimmoreira.mg.leg.br/media/sapl/public/materialegislativa/2025/1853/indicacao_no_196-2025__stella__medidas_preventivas_de_animais_exposicao.pdf", "ementa": "que sejam tomadas as medidas preventivas de animais trazidos por participantes nos eventos, com o objetivo de evitar o abandono posterior desses animais na cidade e a fiscaliza\u00e7\u00e3o no decorrer dos eventos quanto ao tratamento dispensado aos cavalos, garantindo que n\u00e3o sejam submetidos a maus-tratos."}, {"id": "1854", "ano": "2025", "numero": "197", "tipo__sigla": "Ind", "tipo__descricao": "INDICA\u00c7\u00c3O", "autoria": "Thiago Siqueira Marques", "texto_original": "http://sapl.delfimmoreira.mg.leg.br/media/sapl/public/materialegislativa/2025/1854/indicacao_no_197-2025_thiago_manutencao_e_conserva_rio_comprido.pdf", "ementa": "manuten\u00e7\u00e3o da estrada do bairro Rio Comprido, bem como o retorno do servi\u00e7o do conserva rural naquela localidade."}, {"id": "1855", "ano": "2025", "numero": "198", "tipo__sigla": "Ind", "tipo__descricao": "INDICA\u00c7\u00c3O", "autoria": "Thiago Siqueira Marques", "texto_original": "http://sapl.delfimmoreira.mg.leg.br/media/sapl/public/materialegislativa/2025/1855/indicacao_no_198-2025_thiago_brita_asfaltica_saude.pdf", "ementa": "que seja  destinada a brita asf\u00e1ltica recentemente retirada durante obras de manuten\u00e7\u00e3o na rodovia local para o p\u00e1tio da garagem da Unidade B\u00e1sica de Sa\u00fade (UBS)."}, {"id": "1856", "ano": "2025", "numero": "199", "tipo__sigla": "Ind", "tipo__descricao": "INDICA\u00c7\u00c3O", "autoria": "H\u00e9der Alexandre Ribeiro Caminha", "texto_original": "http://sapl.delfimmoreira.mg.leg.br/media/sapl/public/materialegislativa/2025/1856/indicacao_no_199-2025_-_heder_transito_cidade.pdf", "ementa": "o estudo e a indica\u00e7\u00e3o de rotas e as devidas sinaliza\u00e7\u00f5es para adequar e orientar o tr\u00e1fego de caminh\u00f5es em nossa cidade."}, {"id": "1857", "ano": "2025", "numero": "200", "tipo__sigla": "Ind", "tipo__descricao": "INDICA\u00c7\u00c3O", "autoria": "H\u00e9der Alexandre Ribeiro Caminha, Jucemar Paulo dos Santos", "texto_original": "http://sapl.delfimmoreira.mg.leg.br/media/sapl/public/materialegislativa/2025/1857/indicacao_no_200-2025_-_jucemar_vazamento_barreira.pdf", "ementa": "a manuten\u00e7\u00e3o de uma vazamento de \u00e1gua no bairro da Barreira, em frente \u00e0 casa do Vitor."}, {"id": "1858", "ano": "2025", "numero": "201", "tipo__sigla": "Ind", "tipo__descricao": "INDICA\u00c7\u00c3O", "autoria": "Jucemar Paulo dos Santos", "texto_original": "http://sapl.delfimmoreira.mg.leg.br/media/sapl/public/materialegislativa/2025/1858/indicacao_no_201-2025_jucemar_paulo_dos_santos-caixa_dagua_bairro_rosario.pdf", "ementa": "que seja retirada a barreira que deslizou sobre a caixa d'\u00e1gua localizada no in\u00edcio da Rua do Ros\u00e1rio."}, {"id": "1859", "ano": "2025", "numero": "202", "tipo__sigla": "Ind", "tipo__descricao": "INDICA\u00c7\u00c3O", "autoria": "Ant\u00f4nio Luciano da Silva, H\u00e9der Alexandre Ribeiro Caminha, Jos\u00e9 Carlos Rodrigues, Jucemar Paulo dos Santos, Mateus de Carvalho Ribeiro, Reinaldo S\u00e1vio Ribeiro, Sebasti\u00e3o dos Santos Fortes Vieira, Stella Cristina Cortez, Thiago Siqueira Marques", "texto_original": "http://sapl.delfimmoreira.mg.leg.br/media/sapl/public/materialegislativa/2025/1859/indicacao_no_202-2025_mateus_de_carvalho_ribeiro.pdf", "ementa": "a manuten\u00e7\u00e3o na subida da estrada do bairro S\u00e3o Bernardo, nas proximidades da casa da Sra. Luiza e do Sr. Cipriano."}, {"id": "1860", "ano": "2025", "numero": "203", "tipo__sigla": "Ind", "tipo__descricao": "INDICA\u00c7\u00c3O", "autoria": "Mateus de Carvalho Ribeiro", "texto_original": "http://sapl.delfimmoreira.mg.leg.br/media/sapl/public/materialegislativa/2025/1860/indicacao_no_203-2025_rocada_e_capina_-_mateus_de_carvalho_ribeiro.pdf", "ementa": "a ro\u00e7ada e capina na estrada que d\u00e1 acesso \u00e0 fazenda Boa Esperan\u00e7a, se estendendo ao bairro S\u00e3o Francisco e Buriqui."}, {"id": "1861", "ano": "2025", "numero": "204", "tipo__sigla": "Ind", "tipo__descricao": "INDICA\u00c7\u00c3O", "autoria": "Mateus de Carvalho Ribeiro", "texto_original": "http://sapl.delfimmoreira.mg.leg.br/media/sapl/public/materialegislativa/2025/1861/indicacao_no_204-2025_mateus_de_carvalho_ribeiro_bale.pdf", "ementa": "estude a possibilidade de ampliar o apoio institucional e estrutural \u00e0 pr\u00e1tica do bal\u00e9 em nosso munic\u00edpio, bem como avaliar a viabilidade de incluir essa modalidade art\u00edstica e esportiva entre as atividades oferecidas oficialmente pela Prefeitura."}, {"id": "1862", "ano": "2025", "numero": "205", "tipo__sigla": "Ind", "tipo__descricao": "INDICA\u00c7\u00c3O", "autoria": "H\u00e9der Alexandre Ribeiro Caminha", "texto_original": "http://sapl.delfimmoreira.mg.leg.br/media/sapl/public/materialegislativa/2025/1862/indicacao_no_205-2025_-_heder_atendimento_pediatra.pdf", "ementa": "o estudo e a viabilidade quanto a contrata\u00e7\u00e3o de mais pediatra para o atendimento em nosso munic\u00edpio."}, {"id": "1863", "ano": "2025", "numero": "206", "tipo__sigla": "Ind", "tipo__descricao": "INDICA\u00c7\u00c3O", "autoria": "H\u00e9der Alexandre Ribeiro Caminha, Jos\u00e9 Carlos Rodrigues, Sebasti\u00e3o dos Santos Fortes Vieira", "texto_original": "http://sapl.delfimmoreira.mg.leg.br/media/sapl/public/materialegislativa/2025/1863/indicacao_no_206-2025_jose_carlos_rodrigues_-_troca_bueiro_proximo_ao_campo.pdf", "ementa": "a troca de um bueiro pr\u00f3ximo ao campo do bairro Santa Luzia."}, {"id": "1864", "ano": "2025", "numero": "207", "tipo__sigla": "Ind", "tipo__descricao": "INDICA\u00c7\u00c3O", "autoria": "Mateus de Carvalho Ribeiro", "texto_original": "http://sapl.delfimmoreira.mg.leg.br/media/sapl/public/materialegislativa/2025/1864/indicacao_no_207-2025_mateus_-_pintura_meio_fios.pdf", "ementa": "a pintura de meio-fios e faixas de pedestres em nossa cidade."}, {"id": "1865", "ano": "2025", "numero": "208", "tipo__sigla": "Ind", "tipo__descricao": "INDICA\u00c7\u00c3O", "autoria": "Jucemar Paulo dos Santos", "texto_original": "http://sapl.delfimmoreira.mg.leg.br/media/sapl/public/materialegislativa/2025/1865/indicacao_no_208-2025_-_jucemar_manutencao_rota_escolar.pdf", "ementa": "provid\u00eancias urgentes quanto \u00e0 manuten\u00e7\u00e3o da frota de ve\u00edculos escolares do munic\u00edpio."}, {"id": "1866", "ano": "2025", "numero": "209", "tipo__sigla": "Ind", "tipo__descricao": "INDICA\u00c7\u00c3O", "autoria": "Thiago Siqueira Marques", "texto_original": "http://sapl.delfimmoreira.mg.leg.br/media/sapl/public/materialegislativa/2025/1866/indicacao_no_209-2025_thiago_faixa_de_pedestre.pdf", "ementa": "que seja implantada uma faixa de pedestres na Avenida do Encontro, nas proximidades da resid\u00eancia do Sr. Issao."}, {"id": "1867", "ano": "2025", "numero": "210", "tipo__sigla": "Ind", "tipo__descricao": "INDICA\u00c7\u00c3O", "autoria": "Thiago Siqueira Marques", "texto_original": "http://sapl.delfimmoreira.mg.leg.br/media/sapl/public/materialegislativa/2025/1867/indicacao_no_210-2025_thiago_placas_transito.pdf", "ementa": "a manuten\u00e7\u00e3o das placas de sinaliza\u00e7\u00e3o em nosso munic\u00edpio."}, {"id": "1868", "ano": "2025", "numero": "211", "tipo__sigla": "Ind", "tipo__descricao": "INDICA\u00c7\u00c3O", "autoria": "Sebasti\u00e3o dos Santos Fortes Vieira", "texto_original": "http://sapl.delfimmoreira.mg.leg.br/media/sapl/public/materialegislativa/2025/1868/indicacao_no_211-2025_sebastiao_placas_agua_limpa.pdf", "ementa": "a sinaliza\u00e7\u00e3o mais eficiente dos bairros sentido  bairro \u00c1gua Limpa, pr\u00f3ximo \u00e0 ponte."}, {"id": "1869", "ano": "2025", "numero": "212", "tipo__sigla": "Ind", "tipo__descricao": "INDICA\u00c7\u00c3O", "autoria": "H\u00e9der Alexandre Ribeiro Caminha", "texto_original": "http://sapl.delfimmoreira.mg.leg.br/media/sapl/public/materialegislativa/2025/1869/indicacao_no_212-2025_heder_manutencao_bairro_ribeirinho.pdf", "ementa": "que seja realizado um cal\u00e7amento em um ponto  cr\u00edtico na subida da pedra, no bairro Monjolinho."}, {"id": "1870", "ano": "2025", "numero": "213", "tipo__sigla": "Ind", "tipo__descricao": "INDICA\u00c7\u00c3O", "autoria": "H\u00e9der Alexandre Ribeiro Caminha", "texto_original": "http://sapl.delfimmoreira.mg.leg.br/media/sapl/public/materialegislativa/2025/1870/indicacao_no_213-2025_heder_manutencao_estrada_goes.pdf", "ementa": "que seja realizada manuten\u00e7\u00e3o na estrada do Goes"}, {"id": "1871", "ano": "2025", "numero": "214", "tipo__sigla": "Ind", "tipo__descricao": "INDICA\u00c7\u00c3O", "autoria": "Stella Cristina Cortez, Thiago Siqueira Marques", "texto_original": "http://sapl.delfimmoreira.mg.leg.br/media/sapl/public/materialegislativa/2025/1871/indicacao_no_214-2025_heder_-_agua_parada_fernanda.pdf", "ementa": "provid\u00eancias em rela\u00e7\u00e3o a um problema de \u00e1gua parada na Rua Cl\u00e1udio Benedito de Freitas."}, {"id": "1872", "ano": "2025", "numero": "215", "tipo__sigla": "Ind", "tipo__descricao": "INDICA\u00c7\u00c3O", "autoria": "H\u00e9der Alexandre Ribeiro Caminha", "texto_original": "http://sapl.delfimmoreira.mg.leg.br/media/sapl/public/materialegislativa/2025/1872/indicacao_no_215-2025_heder_-_grotao.pdf", "ementa": "indica ao Sr. Prefeito e \u00e0 Secretaria de Obras e Servi\u00e7os Urbanos, a manuten\u00e7\u00e3o da estrada do grot\u00e3o."}, {"id": "1873", "ano": "2025", "numero": "216", "tipo__sigla": "Ind", "tipo__descricao": "INDICA\u00c7\u00c3O", "autoria": "H\u00e9der Alexandre Ribeiro Caminha", "texto_original": "http://sapl.delfimmoreira.mg.leg.br/media/sapl/public/materialegislativa/2025/1873/indicacao_no_216-2025_heder_-_desapropriacao_posto_gasolina.pdf", "ementa": "indica ao Sr. Prefeito um estudo de viabilidade para desapropria\u00e7\u00e3o do im\u00f3vel onde est\u00e1 localizado o antigo posto de gasolina Portal das Montanhas"}, {"id": "1874", "ano": "2025", "numero": "217", "tipo__sigla": "Ind", "tipo__descricao": "INDICA\u00c7\u00c3O", "autoria": "Mateus de Carvalho Ribeiro", "texto_original": "http://sapl.delfimmoreira.mg.leg.br/media/sapl/public/materialegislativa/2025/1874/indicacao_no_217-2025_mateus_-_digitalizacao_de_documentos.pdf", "ementa": "indica ao Sr. Prefeito e \u00e0 Secretaria Municipal de Obras e Servi\u00e7os Urbanos, a digitaliza\u00e7\u00e3o dos arquivos municipais."}, {"id": "1875", "ano": "2025", "numero": "218", "tipo__sigla": "Ind", "tipo__descricao": "INDICA\u00c7\u00c3O", "autoria": "Mateus de Carvalho Ribeiro, Sebasti\u00e3o dos Santos Fortes Vieira, Thiago Siqueira Marques", "texto_original": "http://sapl.delfimmoreira.mg.leg.br/media/sapl/public/materialegislativa/2025/1875/indicacao_no_218-2025_mateus_-_sebastiao_-_melhoria_materiais_rede_de_esgoto.pdf", "ementa": "a compra e a consequente melhoria nas condi\u00e7\u00f5es de servi\u00e7o do setor respons\u00e1vel pela manuten\u00e7\u00e3o de esgoto de nossa cidade."}, {"id": "1905", "ano": "2025", "numero": "219", "tipo__sigla": "Ind", "tipo__descricao": "INDICA\u00c7\u00c3O", "autoria": "", "texto_original": "http://sapl.delfimmoreira.mg.leg.br/media/sapl/public/materialegislativa/2025/1905/indicacao_no_219-2025_mateus_-_estrada_sao_bernardo_mirante.pdf", "ementa": "Ro\u00e7ada da estrada do mirante do Santo Cruzeiro, no bairro S\u00e3o Bernardo."}, {"id": "1906", "ano": "2025", "numero": "220", "tipo__sigla": "Ind", "tipo__descricao": "INDICA\u00c7\u00c3O", "autoria": "", "texto_original": "http://sapl.delfimmoreira.mg.leg.br/media/sapl/public/materialegislativa/2025/1906/indicacao_no_220-2025_thiag_-_alagamento_mariinha_maciel.pdf", "ementa": "Manuten\u00e7\u00e3o na drenagem da rua Mariinha Maciel, pr\u00f3ximo \u00e0 padaria da Cleonice."}, {"id": "1907", "ano": "2025", "numero": "221", "tipo__sigla": "Ind", "tipo__descricao": "INDICA\u00c7\u00c3O", "autoria": "Thiago Siqueira Marques", "texto_original": "http://sapl.delfimmoreira.mg.leg.br/media/sapl/public/materialegislativa/2025/1907/indicacao_no_221_-_2025_thiag_-_projeto_margarida.pdf", "ementa": "Indica desenvolvimento de um novo \u201cprojeto das Margaridas\u201d."}, {"id": "1908", "ano": "2025", "numero": "222", "tipo__sigla": "Ind", "tipo__descricao": "INDICA\u00c7\u00c3O", "autoria": "H\u00e9der Alexandre Ribeiro Caminha", "texto_original": "http://sapl.delfimmoreira.mg.leg.br/media/sapl/public/materialegislativa/2025/1908/indicacao_no_222-2025_heder_-manutencao_manilhamento_monteiro.pdf", "ementa": "Que seja realizada vistoria t\u00e9cnica e imediata manuten\u00e7\u00e3o no manilhamento recentemente instalado no Bairro do Monteiro."}, {"id": "1909", "ano": "2025", "numero": "223", "tipo__sigla": "Ind", "tipo__descricao": "INDICA\u00c7\u00c3O", "autoria": "H\u00e9der Alexandre Ribeiro Caminha", "texto_original": "http://sapl.delfimmoreira.mg.leg.br/media/sapl/public/materialegislativa/2025/1909/indicacao_no_223-2025_heder_-_manutencao__rua_bairro_monteiro.pdf", "ementa": "Realiza\u00e7\u00e3o de manuten\u00e7\u00e3o na rua do bairro do Monteiro."}, {"id": "1910", "ano": "2025", "numero": "224", "tipo__sigla": "Ind", "tipo__descricao": "INDICA\u00c7\u00c3O", "autoria": "H\u00e9der Alexandre Ribeiro Caminha", "texto_original": "http://sapl.delfimmoreira.mg.leg.br/media/sapl/public/materialegislativa/2025/1910/indicacao_no_224-2025_heder_-_acumulo_de_lixo_no_bairro_monteiro.pdf", "ementa": "Indica\u00e7\u00e3o da retirada do lixo acumulado ao lado da lixeira no Bairro do Monteiro."}, {"id": "1911", "ano": "2025", "numero": "225", "tipo__sigla": "Ind", "tipo__descricao": "INDICA\u00c7\u00c3O", "autoria": "Vereadores - Ver", "texto_original": "http://sapl.delfimmoreira.mg.leg.br/media/sapl/public/materialegislativa/2025/1911/indicacao_no_225-2025_thiago-_solicita_celeridade_reforma_postos_saude.pdf", "ementa": "Que sejam adotadas medidas para garantir maior celeridade nas obras de reforma dos postos de sa\u00fade localizados nos bairros da zona rural do munic\u00edpio de Delfim Moreira-MG."}, {"id": "1917", "ano": "2025", "numero": "226", "tipo__sigla": "Ind", "tipo__descricao": "INDICA\u00c7\u00c3O", "autoria": "Mateus de Carvalho Ribeiro", "texto_original": "http://sapl.delfimmoreira.mg.leg.br/media/sapl/public/materialegislativa/2025/1917/indicacao_no_226_-2025_mateus_-_turismo.pdf", "ementa": "que seja realizado estudo t\u00e9cnico, com apoio do Conselho Municipal de Patrim\u00f4nio Cultural, visando ao reconhecimento dos \u201ccartuchos\u201d como bem de natureza imaterial do Munic\u00edpio de Delfim Moreira \u2013 MG."}, {"id": "1918", "ano": "2025", "numero": "227", "tipo__sigla": "Ind", "tipo__descricao": "INDICA\u00c7\u00c3O", "autoria": "Stella Cristina Cortez, H\u00e9der Alexandre Ribeiro Caminha", "texto_original": "http://sapl.delfimmoreira.mg.leg.br/media/sapl/public/materialegislativa/2025/1918/indicacao_no_227_-2025_c_saude_-_reforma_ubs.pdf", "ementa": "que providencie a corre\u00e7\u00e3o das infiltra\u00e7\u00f5es nas paredes internas da Unidade B\u00e1sica de Sa\u00fade (Claudio Benedito de Freitas), uma vez que algumas delas apresentam sinais vis\u00edveis de umidade e descascamento, situa\u00e7\u00e3o que tem gerado preocupa\u00e7\u00e3o tanto nos servidores quanto nos mun\u00edcipes que procuram atendimento no local"}, {"id": "1919", "ano": "2025", "numero": "228", "tipo__sigla": "Ind", "tipo__descricao": "INDICA\u00c7\u00c3O", "autoria": "Mateus de Carvalho Ribeiro", "texto_original": "http://sapl.delfimmoreira.mg.leg.br/media/sapl/public/materialegislativa/2025/1919/indicacao_no_228_-2025_mateus_-_pracas_publicas.pdf", "ementa": "que sejam realizados investimentos nas pra\u00e7as p\u00fablicas do munic\u00edpio de Delfim Moreira."}, {"id": "1920", "ano": "2025", "numero": "229", "tipo__sigla": "Ind", "tipo__descricao": "INDICA\u00c7\u00c3O", "autoria": "H\u00e9der Alexandre Ribeiro Caminha, Mateus de Carvalho Ribeiro, Stella Cristina Cortez, Thiago Siqueira Marques", "texto_original": "http://sapl.delfimmoreira.mg.leg.br/media/sapl/public/materialegislativa/2025/1920/indicacao_no_229-_2025_thiag_-_espelho_convexo.pdf", "ementa": "a instala\u00e7\u00e3o de um espelho convexo no cruzamento da Rua da C\u00e2mara Municipal."}, {"id": "1921", "ano": "2025", "numero": "230", "tipo__sigla": "Ind", "tipo__descricao": "INDICA\u00c7\u00c3O", "autoria": "Thiago Siqueira Marques", "texto_original": "http://sapl.delfimmoreira.mg.leg.br/media/sapl/public/materialegislativa/2025/1921/indicacao_no_230-_2025_thiag_-_urbanizacao.pdf", "ementa": "que seja realizado um estudo t\u00e9cnico sobre a quest\u00e3o da urbaniza\u00e7\u00e3o em nosso munic\u00edpio, com o objetivo de promover a regulariza\u00e7\u00e3o das \u00e1reas existentes e identificar as regi\u00f5es que v\u00eam apresentando maior crescimento e desenvolvimento urbano."}, {"id": "1922", "ano": "2025", "numero": "231", "tipo__sigla": "Ind", "tipo__descricao": "INDICA\u00c7\u00c3O", "autoria": "Jucemar Paulo dos Santos", "texto_original": "http://sapl.delfimmoreira.mg.leg.br/media/sapl/public/materialegislativa/2025/1922/indicacao_no_231-2025_-_jucemar_rocada_barreira.pdf", "ementa": "que seja realizada com urg\u00eancia a ro\u00e7ada e limpeza das margens da rodovia do bairro Barreira."}, {"id": "1923", "ano": "2025", "numero": "232", "tipo__sigla": "Ind", "tipo__descricao": "INDICA\u00c7\u00c3O", "autoria": "Jucemar Paulo dos Santos", "texto_original": "http://sapl.delfimmoreira.mg.leg.br/media/sapl/public/materialegislativa/2025/1923/indicacao_no_232-2025_-_jucemar__aumento_de_lixeira_no_bairro_barreira.pdf", "ementa": "seja providenciado o aumento no n\u00famero de lat\u00f5es de lixo no bairro Barreira, bem como a instala\u00e7\u00e3o de cartazes informativos com os dias e hor\u00e1rios da coleta de lixo."}, {"id": "1924", "ano": "2025", "numero": "233", "tipo__sigla": "Ind", "tipo__descricao": "INDICA\u00c7\u00c3O", "autoria": "Jucemar Paulo dos Santos", "texto_original": "http://sapl.delfimmoreira.mg.leg.br/media/sapl/public/materialegislativa/2025/1924/indicacao_no_233-2025_-_jucemar_conserto_bomba_cx_dgua.pdf", "ementa": "que seja realizada, com urg\u00eancia, a manuten\u00e7\u00e3o e o conserto da bomba da caixa d\u2019\u00e1gua localizada no Morro do Luiz Eva."}, {"id": "1925", "ano": "2025", "numero": "234", "tipo__sigla": "Ind", "tipo__descricao": "INDICA\u00c7\u00c3O", "autoria": "Jucemar Paulo dos Santos", "texto_original": "http://sapl.delfimmoreira.mg.leg.br/media/sapl/public/materialegislativa/2025/1925/indicacao_no_234-2025_-_jucemar_manutencao_rua_mariinha_maciel.pdf", "ementa": "que  seja realizada a manuten\u00e7\u00e3o e recupera\u00e7\u00e3o do trecho da Rua Mariinha Maciel."}, {"id": "1926", "ano": "2025", "numero": "235", "tipo__sigla": "Ind", "tipo__descricao": "INDICA\u00c7\u00c3O", "autoria": "Mateus de Carvalho Ribeiro, Thiago Siqueira Marques", "texto_original": "http://sapl.delfimmoreira.mg.leg.br/media/sapl/public/materialegislativa/2025/1926/indicacao_no_235_-2025_mateus_-_espaco_para_carros_de_aplicativo_exposicao.pdf", "ementa": "solicita a disponibiliza\u00e7\u00e3o de um espa\u00e7o para embarque e desembarque de carros de aplicativo nas proximidades da entrada da Exposi\u00e7\u00e3o Agropecu\u00e1ria."}, {"id": "1927", "ano": "2025", "numero": "236", "tipo__sigla": "Ind", "tipo__descricao": "INDICA\u00c7\u00c3O", "autoria": "Thiago Siqueira Marques", "texto_original": "http://sapl.delfimmoreira.mg.leg.br/media/sapl/public/materialegislativa/2025/1927/indicacao_no_236-2025_thiago-_renegociacao_iptu.pdf", "ementa": "que encaminhe a esta Casa Legislativa um Projeto de Lei que autorize a renegocia\u00e7\u00e3o do IPTU para os mun\u00edcipes que se encontram com pagamentos em atraso."}, {"id": "1928", "ano": "2025", "numero": "237", "tipo__sigla": "Ind", "tipo__descricao": "INDICA\u00c7\u00c3O", "autoria": "Mateus de Carvalho Ribeiro", "texto_original": "http://sapl.delfimmoreira.mg.leg.br/media/sapl/public/materialegislativa/2025/1928/indicacao_no_237-2025_mateus_-_patrolagem_barreirinho.pdf", "ementa": "A realiza\u00e7\u00e3o de patrolagem e manuten\u00e7\u00e3o na estrada do Barreirinho, bem como na estrada da antiga linha f\u00e9rrea, ambas em condi\u00e7\u00f5es prec\u00e1rias devido \u00e0 presen\u00e7a de diversos buracos e \u00e0 falta de conserva\u00e7\u00e3o."}, {"id": "1929", "ano": "2025", "numero": "238", "tipo__sigla": "Ind", "tipo__descricao": "INDICA\u00c7\u00c3O", "autoria": "Mateus de Carvalho Ribeiro", "texto_original": "http://sapl.delfimmoreira.mg.leg.br/media/sapl/public/materialegislativa/2025/1929/indicacao_no_238-2025_mateus_-_rocada_boa_esperanca.pdf", "ementa": "a realiza\u00e7\u00e3o de ro\u00e7ada nas margens da estrada da Fazenda Boa Esperan\u00e7a."}, {"id": "1930", "ano": "2025", "numero": "239", "tipo__sigla": "Ind", "tipo__descricao": "INDICA\u00c7\u00c3O", "autoria": "Stella Cristina Cortez", "texto_original": "http://sapl.delfimmoreira.mg.leg.br/media/sapl/public/materialegislativa/2025/1930/indicacao_no_239-2025_stella-_manutencao_lombada.pdf", "ementa": "a manuten\u00e7\u00e3o imediata da lombada localizada na Avenida Juscelino Kubitschek de Oliveira, na altura ou esquina dos n\u00fameros 220/223 (pr\u00f3ximo ao bar do Jo\u00e3o Paulo)."}, {"id": "1931", "ano": "2025", "numero": "240", "tipo__sigla": "Ind", "tipo__descricao": "INDICA\u00c7\u00c3O", "autoria": "Stella Cristina Cortez", "texto_original": "http://sapl.delfimmoreira.mg.leg.br/media/sapl/public/materialegislativa/2025/1931/indicacao_no_240-2025_stella-_manutencao_lombada_correio.pdf", "ementa": "a manuten\u00e7\u00e3o da lombada na Rua Dr. Albino Alves Filho- Centro, em frente aos Correios."}, {"id": "1932", "ano": "2025", "numero": "241", "tipo__sigla": "Ind", "tipo__descricao": "INDICA\u00c7\u00c3O", "autoria": "Stella Cristina Cortez", "texto_original": "http://sapl.delfimmoreira.mg.leg.br/media/sapl/public/materialegislativa/2025/1932/indicacao_no_241-2025_stella-_manutencao_via_proximo_casa_do_pedrao.pdf", "ementa": "manuten\u00e7\u00e3o na via localizada na Pra\u00e7a Get\u00falio Vargas, esquina da casa n\u00ba 130, pr\u00f3ximo \u00e0 resid\u00eancia do ex-prefeito Pedr\u00e3o."}, {"id": "1933", "ano": "2025", "numero": "242", "tipo__sigla": "Ind", "tipo__descricao": "INDICA\u00c7\u00c3O", "autoria": "Sebasti\u00e3o dos Santos Fortes Vieira", "texto_original": "http://sapl.delfimmoreira.mg.leg.br/media/sapl/public/materialegislativa/2025/1933/indicacao_no_242-2025_sebastiao_banheiro_rio_claro.pdf", "ementa": "a possibilidade de constru\u00e7\u00e3o de um banheiro p\u00fablico no bairro do Rio Claro"}, {"id": "1934", "ano": "2025", "numero": "243", "tipo__sigla": "Ind", "tipo__descricao": "INDICA\u00c7\u00c3O", "autoria": "Stella Cristina Cortez", "texto_original": "http://sapl.delfimmoreira.mg.leg.br/media/sapl/public/materialegislativa/2025/1934/indicacao_no_243-2025__instalcao_apoio_lateral_ponte_peixe.pdf", "ementa": "para que seja verificada a situa\u00e7\u00e3o da passarela provis\u00f3ria instalada na ponte da Peixe, sendo necess\u00e1ria a coloca\u00e7\u00e3o de um apoio lateral para a travessia da mesma"}, {"id": "1935", "ano": "2025", "numero": "244", "tipo__sigla": "Ind", "tipo__descricao": "INDICA\u00c7\u00c3O", "autoria": "H\u00e9der Alexandre Ribeiro Caminha", "texto_original": "http://sapl.delfimmoreira.mg.leg.br/media/sapl/public/materialegislativa/2025/1935/indicacao_no_244-2025_heder.pdf", "ementa": "para que seja realizada a manuten\u00e7\u00e3o da  rua Francisco Alves de Faria, bairro Santa Cruz"}, {"id": "1936", "ano": "2025", "numero": "245", "tipo__sigla": "Ind", "tipo__descricao": "INDICA\u00c7\u00c3O", "autoria": "H\u00e9der Alexandre Ribeiro Caminha", "texto_original": "http://sapl.delfimmoreira.mg.leg.br/media/sapl/public/materialegislativa/2025/1936/indicacao_no_245-2025__heder_manutencao_rede_de_esgoto.pdf", "ementa": "para que seja realizada a manuten\u00e7\u00e3o da rede de esgoto d bairro Vila Rica, nas proximidades da casa do Luiz Carlos Gon\u00e7alves e Jos\u00e9 Jorge"}, {"id": "1937", "ano": "2025", "numero": "246", "tipo__sigla": "Ind", "tipo__descricao": "INDICA\u00c7\u00c3O", "autoria": "Thiago Siqueira Marques", "texto_original": "http://sapl.delfimmoreira.mg.leg.br/media/sapl/public/materialegislativa/2025/1937/indicacao_no_246-2025__thiago_isencao_iptu.pdf", "ementa": "que sejam realizados estudos e provid\u00eancias visando fundamentar a possibilidade de concess\u00e3o de isen\u00e7\u00e3o de impostos municipais, especialmente IPTU, a idosos e pacientes em tratamentos oncol\u00f3gicos."}, {"id": "1938", "ano": "2025", "numero": "247", "tipo__sigla": "Ind", "tipo__descricao": "INDICA\u00c7\u00c3O", "autoria": "Ant\u00f4nio Luciano da Silva, Sebasti\u00e3o dos Santos Fortes Vieira", "texto_original": "http://sapl.delfimmoreira.mg.leg.br/media/sapl/public/materialegislativa/2025/1938/indicacao_247-2025.pdf", "ementa": "a retirada do bambuzeiro que se encontra dentro do rio, no Bairro Taquaral, pr\u00f3ximo ao bar do Rodrigo."}, {"id": "1939", "ano": "2025", "numero": "248", "tipo__sigla": "Ind", "tipo__descricao": "INDICA\u00c7\u00c3O", "autoria": "Ant\u00f4nio Luciano da Silva, H\u00e9der Alexandre Ribeiro Caminha, Jos\u00e9 Carlos Rodrigues, Jucemar Paulo dos Santos, Mateus de Carvalho Ribeiro, Reinaldo S\u00e1vio Ribeiro, Sebasti\u00e3o dos Santos Fortes Vieira, Stella Cristina Cortez, Thiago Siqueira Marques", "texto_original": "http://sapl.delfimmoreira.mg.leg.br/media/sapl/public/materialegislativa/2025/1939/indicacao_no_248-2025__mateus_quebra_molas.pdf", "ementa": "a  adequa\u00e7\u00e3o dos quebra-molas instalados em todo o munic\u00edpio que estejam fora das especifica\u00e7\u00f5es t\u00e9cnicas e limites de altura e largura estabelecidos pela legisla\u00e7\u00e3o vigente, a fim de garantir seguran\u00e7a vi\u00e1ria sem prejudicar o tr\u00e1fego de ve\u00edculos."}, {"id": "1940", "ano": "2025", "numero": "249", "tipo__sigla": "Ind", "tipo__descricao": "INDICA\u00c7\u00c3O", "autoria": "Mateus de Carvalho Ribeiro", "texto_original": "http://sapl.delfimmoreira.mg.leg.br/media/sapl/public/materialegislativa/2025/1940/indicacao_no_249-2025__cobertura_onibus.pdf", "ementa": "que seja providenciada a instala\u00e7\u00e3o de abrigos em pontos de \u00f4nibus no bairro Mogiano, visando oferecer melhores condi\u00e7\u00f5es aos usu\u00e1rios do transporte p\u00fablico, especialmente estudantes."}, {"id": "1941", "ano": "2025", "numero": "250", "tipo__sigla": "Ind", "tipo__descricao": "INDICA\u00c7\u00c3O", "autoria": "Jucemar Paulo dos Santos", "texto_original": "http://sapl.delfimmoreira.mg.leg.br/media/sapl/public/materialegislativa/2025/1941/indicacao_no_250-2025__jucemar-_escada_barreira.pdf", "ementa": "que seja providenciada a manuten\u00e7\u00e3o e reparo da escada de pedra localizada no bairro da Barreira, pr\u00f3ximo a academia ao ar livre."}, {"id": "1942", "ano": "2025", "numero": "251", "tipo__sigla": "Ind", "tipo__descricao": "INDICA\u00c7\u00c3O", "autoria": "Mateus de Carvalho Ribeiro", "texto_original": "http://sapl.delfimmoreira.mg.leg.br/media/sapl/public/materialegislativa/2025/1942/indicacao_no_251-2025__mateus_parque_ponte_de_zinco.pdf", "ementa": "a implanta\u00e7\u00e3o de uma academia ao ar livre no Bairro Ponte de Zinco, visando oferecer \u00e0 comunidade um espa\u00e7o adequado para a pr\u00e1tica de atividades f\u00edsicas e de lazer."}, {"id": "1943", "ano": "2025", "numero": "252", "tipo__sigla": "Ind", "tipo__descricao": "INDICA\u00c7\u00c3O", "autoria": "Mateus de Carvalho Ribeiro", "texto_original": "http://sapl.delfimmoreira.mg.leg.br/media/sapl/public/materialegislativa/2025/1943/indicacao_252-2025.pdf", "ementa": "a realiza\u00e7\u00e3o de manuten\u00e7\u00e3o na estrada rural que liga o Bairro Ponte de Zinco ao Bairro Sert\u00e3ozinho, visando melhorar as condi\u00e7\u00f5es de tr\u00e1fego e seguran\u00e7a dos usu\u00e1rios."}, {"id": "1944", "ano": "2025", "numero": "253", "tipo__sigla": "Ind", "tipo__descricao": "INDICA\u00c7\u00c3O", "autoria": "Mateus de Carvalho Ribeiro", "texto_original": "http://sapl.delfimmoreira.mg.leg.br/media/sapl/public/materialegislativa/2025/1944/indicacao_no_253-2025_mateus_-_reitera-se_04-2025_iluminacao_publica_ponte_de_zinco.pdf", "ementa": "a necessidade de realiza\u00e7\u00e3o de um estudo de viabilidade para a implanta\u00e7\u00e3o de ilumina\u00e7\u00e3o p\u00fablica no bairro Ponte de Zinco, especialmente no trecho compreendido entre o Bar do Edvaldo e a resid\u00eancia do Alexandre do Nestor, bem como em outros pontos que se mostrarem oportunos"}, {"id": "1945", "ano": "2025", "numero": "254", "tipo__sigla": "Ind", "tipo__descricao": "INDICA\u00c7\u00c3O", "autoria": "Mateus de Carvalho Ribeiro", "texto_original": "http://sapl.delfimmoreira.mg.leg.br/media/sapl/public/materialegislativa/2025/1945/indicacao_no_254-2025__mateus_reitera-se_160-2025_mautencao_estrada_bicas.pdf", "ementa": "a manuten\u00e7\u00e3o e cascalhamento da estrada entre o bairro das Bicas at\u00e9 a Ponte de Zinco"}, {"id": "1946", "ano": "2025", "numero": "255", "tipo__sigla": "Ind", "tipo__descricao": "INDICA\u00c7\u00c3O", "autoria": "H\u00e9der Alexandre Ribeiro Caminha, Mateus de Carvalho Ribeiro, Thiago Siqueira Marques", "texto_original": "http://sapl.delfimmoreira.mg.leg.br/media/", "ementa": "a manuten\u00e7\u00e3o, ro\u00e7ada e patrolagem na estrada do bairro Rio Comprido."}, {"id": "1947", "ano": "2025", "numero": "256", "tipo__sigla": "Ind", "tipo__descricao": "INDICA\u00c7\u00c3O", "autoria": "H\u00e9der Alexandre Ribeiro Caminha, Mateus de Carvalho Ribeiro", "texto_original": "http://sapl.delfimmoreira.mg.leg.br/media/sapl/public/materialegislativa/2025/1947/indicacao_no_256-2025__heder_mateus__peregrinacao_em_delfim_moreira.pdf", "ementa": "que estudem medidas de melhoria das rotas de romaria que cruzam o munic\u00edpio de Delfim Moreira, com aten\u00e7\u00e3o especial \u00e0 sinaliza\u00e7\u00e3o, pontos de apoio e valoriza\u00e7\u00e3o tur\u00edstica e religiosa."}, {"id": "1948", "ano": "2025", "numero": "257", "tipo__sigla": "Ind", "tipo__descricao": "INDICA\u00c7\u00c3O", "autoria": "Mateus de Carvalho Ribeiro", "texto_original": "http://sapl.delfimmoreira.mg.leg.br/media/sapl/public/materialegislativa/2025/1948/indicacao_no_257-2025__mateus__manutencao_ponte_charco.pdf", "ementa": "a manuten\u00e7\u00e3o da ponte localizada no bairro do Charco, aproximadamente 500 metros ap\u00f3s a igreja do referido bairro, sentido Fazenda da On\u00e7a."}, {"id": "1949", "ano": "2025", "numero": "258", "tipo__sigla": "Ind", "tipo__descricao": "INDICA\u00c7\u00c3O", "autoria": "Sebasti\u00e3o dos Santos Fortes Vieira", "texto_original": "http://sapl.delfimmoreira.mg.leg.br/media/sapl/public/materialegislativa/2025/1949/indicacao_no_258-2025__sebastiao__sinalizacao_entre_delfim_e_marmelopolis.pdf", "ementa": "que seja solicitada, junto \u00e0 Prefeitura Municipal de Marmel\u00f3polis, parceria e apoio para que seja realizada a sinaliza\u00e7\u00e3o adequada dos locais de divisa entre os munic\u00edpios de Delfim Moreira e Marmel\u00f3polis, em especial na entrada do bairro Cubat\u00e3o, no bairro Cachoeira."}, {"id": "1950", "ano": "2025", "numero": "259", "tipo__sigla": "Ind", "tipo__descricao": "INDICA\u00c7\u00c3O", "autoria": "H\u00e9der Alexandre Ribeiro Caminha", "texto_original": "http://sapl.delfimmoreira.mg.leg.br/media/sapl/public/materialegislativa/2025/1950/indicacao_no_259-2025__heder__manutencao_estrada_buriqui.pdf", "ementa": "a manuten\u00e7\u00e3o, ro\u00e7ada e patrolagem na estrada do bairro Buriqui."}, {"id": "1951", "ano": "2025", "numero": "260", "tipo__sigla": "Ind", "tipo__descricao": "INDICA\u00c7\u00c3O", "autoria": "Thiago Siqueira Marques", "texto_original": "http://sapl.delfimmoreira.mg.leg.br/media/sapl/public/materialegislativa/2025/1951/indicacao_no_260-2025__thiago__compra_de_vans.pdf", "ementa": "a avalia\u00e7\u00e3o e melhoria da descri\u00e7\u00e3o nos processos de compra de vans destinadas ao transporte de pacientes para tratamentos fora do munic\u00edpio, de modo a priorizar ve\u00edculos com bancos mais confort\u00e1veis e adequados para longas viagens."}, {"id": "1952", "ano": "2025", "numero": "261", "tipo__sigla": "Ind", "tipo__descricao": "INDICA\u00c7\u00c3O", "autoria": "H\u00e9der Alexandre Ribeiro Caminha, Jucemar Paulo dos Santos, Mateus de Carvalho Ribeiro, Thiago Siqueira Marques", "texto_original": "http://sapl.delfimmoreira.mg.leg.br/media/sapl/public/materialegislativa/2025/1952/indicacao_261-2025.pdf", "ementa": "a instala\u00e7\u00e3o de um ponto de \u00f4nibus escolar no bairro Cachoeirinha."}, {"id": "1953", "ano": "2025", "numero": "262", "tipo__sigla": "Ind", "tipo__descricao": "INDICA\u00c7\u00c3O", "autoria": "Mateus de Carvalho Ribeiro", "texto_original": "http://sapl.delfimmoreira.mg.leg.br/media/sapl/public/materialegislativa/2025/1953/indicacao_no_262-2025__mateus_manutencao_bueiro__bairro_do_charco.pdf", "ementa": "a instala\u00e7\u00e3o de um bueiro no Bairro do Charco, logo ap\u00f3s a ponte existente depois da Pousada da Suze."}, {"id": "1954", "ano": "2025", "numero": "263", "tipo__sigla": "Ind", "tipo__descricao": "INDICA\u00c7\u00c3O", "autoria": "Mateus de Carvalho Ribeiro", "texto_original": "http://sapl.delfimmoreira.mg.leg.br/media/sapl/public/materialegislativa/2025/1954/indicacao_no_263-2025__mateus_manutencao_estrada_do_charco.pdf", "ementa": "melhorias na estrada do Bairro do Charco at\u00e9 o Pico do Ref\u00fagio (Mirante do Campinho). A realiza\u00e7\u00e3o de melhorias na estrada que liga o Bairro do Charco ao Pico do Ref\u00fagio, tamb\u00e9m conhecido como Mirante do Campinho, incluindo servi\u00e7os de patrolamento e reparos nos trechos de responsabilidade do munic\u00edpio de Delfim Moreira."}, {"id": "1955", "ano": "2025", "numero": "264", "tipo__sigla": "Ind", "tipo__descricao": "INDICA\u00c7\u00c3O", "autoria": "Mateus de Carvalho Ribeiro", "texto_original": "http://sapl.delfimmoreira.mg.leg.br/media/sapl/public/materialegislativa/2025/1955/indicacao_no_264-2025__mateus_projeto_com_campos_do_jordao.pdf", "ementa": "o estudo para a  celebra\u00e7\u00e3o de parcerias com o Horto Florestal de Campos do Jord\u00e3o/SP, as Prefeituras Municipais de Campos do Jord\u00e3o/SP e Piquete/SP, visando a manuten\u00e7\u00e3o e reestrutura\u00e7\u00e3o da estrada que interliga estes munic\u00edpios a Delfim Moreira/MG, bem como estudo para a cria\u00e7\u00e3o de uma estrada panor\u00e2mica ao longo da Serra da Mantiqueira."}, {"id": "1956", "ano": "2025", "numero": "265", "tipo__sigla": "Ind", "tipo__descricao": "INDICA\u00c7\u00c3O", "autoria": "Mateus de Carvalho Ribeiro", "texto_original": "http://sapl.delfimmoreira.mg.leg.br/media/sapl/public/materialegislativa/2025/1956/indicacao_no_265-2025__mateus_acoes_capacitacoes_turismo.pdf", "ementa": "a realiza\u00e7\u00e3o de a\u00e7\u00f5es voltadas para a capacita\u00e7\u00e3o da popula\u00e7\u00e3o local no setor de turismo"}, {"id": "1957", "ano": "2025", "numero": "266", "tipo__sigla": "Ind", "tipo__descricao": "INDICA\u00c7\u00c3O", "autoria": "Mateus de Carvalho Ribeiro", "texto_original": "http://sapl.delfimmoreira.mg.leg.br/media/sapl/public/materialegislativa/2025/1957/indicacao_no_266-2025__mateus_manutencao_avenida_do_encontro.pdf", "ementa": "que seja realizada a manuten\u00e7\u00e3o no trecho de liga\u00e7\u00e3o entre a Rua Jos\u00e9 Ven\u00e2ncio Gon\u00e7alves e a Avenida do Encontro."}, {"id": "1958", "ano": "2025", "numero": "267", "tipo__sigla": "Ind", "tipo__descricao": "INDICA\u00c7\u00c3O", "autoria": "H\u00e9der Alexandre Ribeiro Caminha, Mateus de Carvalho Ribeiro", "texto_original": "http://sapl.delfimmoreira.mg.leg.br/media/sapl/public/materialegislativa/2025/1958/indicacao_no_267-2025__mateus_heder_rua_joao_guarda.pdf", "ementa": "que seja realizada com urg\u00eancia o cal\u00e7amento da Rua Jo\u00e3o Guarda,  bairro Caquende, nas proximidades da casa do Sr. Nadir."}, {"id": "1993", "ano": "2025", "numero": "268", "tipo__sigla": "Ind", "tipo__descricao": "INDICA\u00c7\u00c3O", "autoria": "Stella Cristina Cortez", "texto_original": "http://sapl.delfimmoreira.mg.leg.br/media/sapl/public/materialegislativa/2025/1993/indicacao_no_268-2025__stella_-__animais_soltos.pdf", "ementa": "uma maior divulga\u00e7\u00e3o junto \u00e0 popula\u00e7\u00e3o quanto \u00e0 proibi\u00e7\u00e3o de deixar animais soltos em vias p\u00fablicas na cidade."}, {"id": "1994", "ano": "2025", "numero": "269", "tipo__sigla": "Ind", "tipo__descricao": "INDICA\u00c7\u00c3O", "autoria": "Mateus de Carvalho Ribeiro, Thiago Siqueira Marques", "texto_original": "http://sapl.delfimmoreira.mg.leg.br/media/sapl/public/materialegislativa/2025/1994/indicacao_no_269-2025__thiago_-__academia_ao_ar_livro_rio_comprido.pdf", "ementa": "que sejam instaladas academias ao ar livre nos bairros Bicas, Ponte de Zinco e Rio Comprido, considerando que essas localidades n\u00e3o disp\u00f5em de nenhum espa\u00e7o p\u00fablico destinado a esse tipo de atividade f\u00edsica."}, {"id": "1995", "ano": "2025", "numero": "270", "tipo__sigla": "Ind", "tipo__descricao": "INDICA\u00c7\u00c3O", "autoria": "Thiago Siqueira Marques", "texto_original": "http://sapl.delfimmoreira.mg.leg.br/media/sapl/public/materialegislativa/2025/1995/indicacao_no_270-2025__thiago_-__tampas_bueiro_manutencao.pdf", "ementa": "que sejam substitu\u00eddas  as tampas de bueiros em nosso munic\u00edpio, uma vez que muitas delas encontram-se com vergalh\u00f5es expostos, representando grave risco de acidentes para pedestres, ciclistas e motoristas."}, {"id": "1996", "ano": "2025", "numero": "271", "tipo__sigla": "Ind", "tipo__descricao": "INDICA\u00c7\u00c3O", "autoria": "Jucemar Paulo dos Santos, H\u00e9der Alexandre Ribeiro Caminha", "texto_original": "http://sapl.delfimmoreira.mg.leg.br/media/sapl/public/materialegislativa/2025/1996/indicacao_no_271-2025__mateus_-__revitalizacao_da_praca.pdf", "ementa": "a reforma da pra\u00e7a Sebasti\u00e3o Rodrigues Ferreira."}, {"id": "1997", "ano": "2025", "numero": "272", "tipo__sigla": "Ind", "tipo__descricao": "INDICA\u00c7\u00c3O", "autoria": "H\u00e9der Alexandre Ribeiro Caminha", "texto_original": "http://sapl.delfimmoreira.mg.leg.br/media/sapl/public/materialegislativa/2025/1997/indicacao_no_272-2025__heder_sebastiao__troca_lampadas_poli.pdf", "ementa": "a substitui\u00e7\u00e3o das l\u00e2mpadas queimadas no Poliesportivo Ant\u00f4nio Carlos Ribeiro, tendo em vista que a ilumina\u00e7\u00e3o atual encontra-se insuficiente, o que tem prejudicado a realiza\u00e7\u00e3o de jogos e demais atividades esportivas no per\u00edodo noturno."}, {"id": "1998", "ano": "2025", "numero": "273", "tipo__sigla": "Ind", "tipo__descricao": "INDICA\u00c7\u00c3O", "autoria": "Mateus de Carvalho Ribeiro", "texto_original": "http://sapl.delfimmoreira.mg.leg.br/media/sapl/public/materialegislativa/2025/1998/indicacao_no_273-2025__mateus_zeze_-__manutencao_estrada_sao_bernando.pdf", "ementa": "melhoria e manuten\u00e7\u00e3o na estrada do Bairro S\u00e3o Bernardo, considerando que a via encontra-se em m\u00e1s condi\u00e7\u00f5es de tr\u00e1fego, o que tem dificultado a circula\u00e7\u00e3o de ve\u00edculos e pedestres, especialmente para os moradores que dependem diariamente da estrada para deslocamento."}, {"id": "1999", "ano": "2025", "numero": "274", "tipo__sigla": "Ind", "tipo__descricao": "INDICA\u00c7\u00c3O", "autoria": "Mateus de Carvalho Ribeiro, Sebasti\u00e3o dos Santos Fortes Vieira", "texto_original": "http://sapl.delfimmoreira.mg.leg.br/media/sapl/public/materialegislativa/2025/1999/indicacao_no_274-2025__mateus_sebastiao_-__atencao_ao_comercio_local.docx", "ementa": "maior aten\u00e7\u00e3o ao incentivo do com\u00e9rcio local nas compras p\u00fablicas do munic\u00edpio, priorizando, sempre que poss\u00edvel, os comerciantes de Delfim Moreira, de forma a fortalecer a economia local."}, {"id": "2000", "ano": "2025", "numero": "275", "tipo__sigla": "Ind", "tipo__descricao": "INDICA\u00c7\u00c3O", "autoria": "H\u00e9der Alexandre Ribeiro Caminha, Jos\u00e9 Carlos Rodrigues", "texto_original": "http://sapl.delfimmoreira.mg.leg.br/media/", "ementa": "melhoria e manuten\u00e7\u00e3o em alguns trechos da estrada entre a Fazenda Alegria e a BR 459."}, {"id": "2001", "ano": "2025", "numero": "276", "tipo__sigla": "Ind", "tipo__descricao": "INDICA\u00c7\u00c3O", "autoria": "H\u00e9der Alexandre Ribeiro Caminha, Mateus de Carvalho Ribeiro", "texto_original": "http://sapl.delfimmoreira.mg.leg.br/media/sapl/public/materialegislativa/2025/2001/indicacao_no_276-2025__heder_manutencao_estrada_rio_comprido.pdf", "ementa": "a manuten\u00e7\u00e3o, ro\u00e7ada e patrolagem na estrada do bairro Rio Comprido."}, {"id": "2002", "ano": "2025", "numero": "277", "tipo__sigla": "Ind", "tipo__descricao": "INDICA\u00c7\u00c3O", "autoria": "Stella Cristina Cortez", "texto_original": "http://sapl.delfimmoreira.mg.leg.br/media/sapl/public/materialegislativa/2025/2002/indicacao_no_277-2025__stella_-_placas_de_sinalizacao_danificada.pdf", "ementa": "manuten\u00e7\u00e3o e recupera\u00e7\u00e3o das placas de sinaliza\u00e7\u00e3o localizadas na Pra\u00e7a Matriz,( na esquina do bar do \u201cporquinho\u201d), bem como de todas as demais do munic\u00edpio que se encontram em situa\u00e7\u00e3o prec\u00e1ria."}, {"id": "2003", "ano": "2025", "numero": "278", "tipo__sigla": "Ind", "tipo__descricao": "INDICA\u00c7\u00c3O", "autoria": "Mateus de Carvalho Ribeiro, H\u00e9der Alexandre Ribeiro Caminha", "texto_original": "http://sapl.delfimmoreira.mg.leg.br/media/sapl/public/materialegislativa/2025/2003/indicacao_no_278-2025__mateus_-_indicacao.docx", "ementa": "a ado\u00e7\u00e3o de ferramentas de Intelig\u00eancia Artificial (IA) na administra\u00e7\u00e3o p\u00fablica, como forma de modernizar a gest\u00e3o municipal, facilitar o acesso da popula\u00e7\u00e3o \u00e0s informa\u00e7\u00f5es e reduzir a burocracia nos servi\u00e7os p\u00fablicos."}, {"id": "2004", "ano": "2025", "numero": "279", "tipo__sigla": "Ind", "tipo__descricao": "INDICA\u00c7\u00c3O", "autoria": "Mateus de Carvalho Ribeiro", "texto_original": "http://sapl.delfimmoreira.mg.leg.br/media/sapl/public/materialegislativa/2025/2004/indicacao_no_279-_2025_mateus-_lombadas_reiteracao.pdf", "ementa": "indica ao Sr. Prefeito e \u00e0 Secretaria Municipal de Obras e Servi\u00e7os Urbanos, a instala\u00e7\u00e3o de lombadas em locais estrat\u00e9gicos de nossa cidade:"}, {"id": "2005", "ano": "2025", "numero": "280", "tipo__sigla": "Ind", "tipo__descricao": "INDICA\u00c7\u00c3O", "autoria": "Mateus de Carvalho Ribeiro", "texto_original": "http://sapl.delfimmoreira.mg.leg.br/media/", "ementa": "que sejam adotadas medidas para: Apoiar e fortalecer as feiras de produtores locais, especialmente voltadas \u00e0 comercializa\u00e7\u00e3o de produtos org\u00e2nicos e da agricultura familiar"}, {"id": "2006", "ano": "2025", "numero": "281", "tipo__sigla": "Ind", "tipo__descricao": "INDICA\u00c7\u00c3O", "autoria": "Mateus de Carvalho Ribeiro", "texto_original": "http://sapl.delfimmoreira.mg.leg.br/media/sapl/public/materialegislativa/2025/2006/indicacao_no_281-_2025_mateus_-_viagem_es.pdf", "ementa": "organizem uma Miss\u00e3o T\u00e9cnica \u00e0 cidade de Venda Nova do Imigrante \u2013 ES, reconhecida como a Capital Nacional do Agroturismo Brasileiro"}, {"id": "2007", "ano": "2025", "numero": "282", "tipo__sigla": "Ind", "tipo__descricao": "INDICA\u00c7\u00c3O", "autoria": "Jucemar Paulo dos Santos", "texto_original": "http://sapl.delfimmoreira.mg.leg.br/media/", "ementa": "a manuten\u00e7\u00e3o do posto de sa\u00fade do bairro da Barreira"}, {"id": "2008", "ano": "2025", "numero": "283", "tipo__sigla": "Ind", "tipo__descricao": "INDICA\u00c7\u00c3O", "autoria": "Jucemar Paulo dos Santos, Stella Cristina Cortez", "texto_original": "http://sapl.delfimmoreira.mg.leg.br/media/", "ementa": "a manuten\u00e7\u00e3o da rua nas proximidades do clube municipal."}, {"id": "2009", "ano": "2025", "numero": "284", "tipo__sigla": "Ind", "tipo__descricao": "INDICA\u00c7\u00c3O", "autoria": "Thiago Siqueira Marques", "texto_original": "http://sapl.delfimmoreira.mg.leg.br/media/sapl/public/materialegislativa/2025/2009/indicacao_no_284-2025_thiago_-_volta_conserva_rosario.pdf", "ementa": "a volta do Conserva no bairro do Ros\u00e1rio"}, {"id": "2010", "ano": "2025", "numero": "285", "tipo__sigla": "Ind", "tipo__descricao": "INDICA\u00c7\u00c3O", "autoria": "H\u00e9der Alexandre Ribeiro Caminha", "texto_original": "http://sapl.delfimmoreira.mg.leg.br/media/sapl/public/materialegislativa/2025/2010/indicacao_no_285-2025__heder_banheiro_santo_cruzeiro.pdf", "ementa": "que seja realizado estudo de viabilidade para a constru\u00e7\u00e3o de um banheiro p\u00fablico no Santo Cruzeiro, localizado em nosso munic\u00edpio."}, {"id": "2011", "ano": "2025", "numero": "286", "tipo__sigla": "Ind", "tipo__descricao": "INDICA\u00c7\u00c3O", "autoria": "Sebasti\u00e3o dos Santos Fortes Vieira", "texto_original": "http://sapl.delfimmoreira.mg.leg.br/media/sapl/public/materialegislativa/2025/2011/indicacao_no_286-2025_sebastiao_-_melhoria_calcamento_rio_claro.pdf", "ementa": "a manuten\u00e7\u00e3o da rua localizada no centro do bairro Rio Claro, nas proximidades da Pra\u00e7a Central, uma vez que a via apresenta muitos declives e diversos bloquetes soltos"}, {"id": "2012", "ano": "2025", "numero": "287", "tipo__sigla": "Ind", "tipo__descricao": "INDICA\u00c7\u00c3O", "autoria": "Thiago Siqueira Marques", "texto_original": "http://sapl.delfimmoreira.mg.leg.br/media/sapl/public/materialegislativa/2025/2012/indicacao_no_287-2025_thiago_-_caixa_dgua_bigua.pdf", "ementa": "que  providencie a instala\u00e7\u00e3o de um dreno na caixa d\u2019\u00e1gua do bairro Bigu\u00e1, tendo em vista que, desde a sua constru\u00e7\u00e3o pela Prefeitura, o reservat\u00f3rio n\u00e3o disp\u00f5e desse dispositivo, impossibilitando a sua correta higieniza\u00e7\u00e3o."}, {"id": "2013", "ano": "2025", "numero": "288", "tipo__sigla": "Ind", "tipo__descricao": "INDICA\u00c7\u00c3O", "autoria": "H\u00e9der Alexandre Ribeiro Caminha", "texto_original": "http://sapl.delfimmoreira.mg.leg.br/media/sapl/public/materialegislativa/2025/2013/indicacao_no_288-2025__heder__lixeira_rua_joao_guarda.pdf", "ementa": "a retirada do lixo acumulado na Rua Jo\u00e3o Guarda no bairro Caquende, bem como a constru\u00e7\u00e3o de uma lixeira comunit\u00e1ria no in\u00edcio da referida rua."}, {"id": "2014", "ano": "2025", "numero": "289", "tipo__sigla": "Ind", "tipo__descricao": "INDICA\u00c7\u00c3O", "autoria": "Stella Cristina Cortez", "texto_original": "http://sapl.delfimmoreira.mg.leg.br/media/sapl/public/materialegislativa/2025/2014/indicacao_no_289-2025_stella_-_lombadas_na_cidade.pdf", "ementa": "que seja realizado um estudo em toda a cidade a fim de identificar os principais pontos com necessidade de implanta\u00e7\u00e3o de lombadas, considerando que muitos locais carecem de medidas de conten\u00e7\u00e3o de velocidade"}, {"id": "2015", "ano": "2025", "numero": "290", "tipo__sigla": "Ind", "tipo__descricao": "INDICA\u00c7\u00c3O", "autoria": "Mateus de Carvalho Ribeiro", "texto_original": "http://sapl.delfimmoreira.mg.leg.br/media/sapl/public/materialegislativa/2025/2015/indicacao_no_290-_2025_mateus_-_site_turismo_melhoria.pdf", "ementa": "que sejam realizadas mudan\u00e7as e melhorias na p\u00e1gina de Turismo do site oficial da Prefeitura Municipal de Delfim Moreira"}, {"id": "2016", "ano": "2025", "numero": "291", "tipo__sigla": "Ind", "tipo__descricao": "INDICA\u00c7\u00c3O", "autoria": "Mateus de Carvalho Ribeiro, Reinaldo S\u00e1vio Ribeiro", "texto_original": "http://sapl.delfimmoreira.mg.leg.br/media/sapl/public/materialegislativa/2025/2016/indicacao_no_291-_2025_mateus_-_reinaldo_-__mauntencap_estrada_lopes.pdf", "ementa": "a manuten\u00e7\u00e3o na estrada do Bairro Lopes."}, {"id": "2017", "ano": "2025", "numero": "292", "tipo__sigla": "Ind", "tipo__descricao": "INDICA\u00c7\u00c3O", "autoria": "Jucemar Paulo dos Santos", "texto_original": "http://sapl.delfimmoreira.mg.leg.br/media/sapl/public/materialegislativa/2025/2017/indicacao_no_292_-_2025__jucemar_-_limpeza_ruas_barreira.pdf", "ementa": "a limpeza e ro\u00e7ada das ruas do bairro da Barreira"}, {"id": "2018", "ano": "2025", "numero": "293", "tipo__sigla": "Ind", "tipo__descricao": "INDICA\u00c7\u00c3O", "autoria": "Jucemar Paulo dos Santos", "texto_original": "http://sapl.delfimmoreira.mg.leg.br/media/sapl/public/materialegislativa/2025/2018/indicacao_no_293_-_2025__jucemar_-_cascalhamento_rua_barreira.pdf", "ementa": "que seja realizado o cascalhamento da rua localizada no Bairro da Barreira, em frente \u00e0 resid\u00eancia do senhor C\u00e1ssio, no bairro da Barreira"}, {"id": "2019", "ano": "2025", "numero": "294", "tipo__sigla": "Ind", "tipo__descricao": "INDICA\u00c7\u00c3O", "autoria": "Ant\u00f4nio Luciano da Silva, H\u00e9der Alexandre Ribeiro Caminha, Jos\u00e9 Carlos Rodrigues, Jucemar Paulo dos Santos, Mateus de Carvalho Ribeiro, Reinaldo S\u00e1vio Ribeiro, Sebasti\u00e3o dos Santos Fortes Vieira, Stella Cristina Cortez, Thiago Siqueira Marques", "texto_original": "http://sapl.delfimmoreira.mg.leg.br/media/sapl/public/materialegislativa/2025/2019/indicacao_no_294-2025_todos_caminho_do_queijo.pdf", "ementa": "para que o evento \u201c1\u00ba Festival Caminhos do Queijo de Delfim Moreira\u201d seja inclu\u00eddo no calend\u00e1rio oficial de eventos do Munic\u00edpio."}, {"id": "2020", "ano": "2025", "numero": "295", "tipo__sigla": "Ind", "tipo__descricao": "INDICA\u00c7\u00c3O", "autoria": "Ant\u00f4nio Luciano da Silva, Sebasti\u00e3o dos Santos Fortes Vieira", "texto_original": "http://sapl.delfimmoreira.mg.leg.br/media/sapl/public/materialegislativa/2025/2020/indicacao_no_295-2025__sebastiao_ponto_de_onibus_rc.pdf", "ementa": "que seja realizada a manuten\u00e7\u00e3o e o reparo do ponto de \u00f4nibus localizado no bairro Rio Claro, pr\u00f3ximo \u00e0 resid\u00eancia da Sra. Doroteia, abaixo da casa da Sra. Doka."}, {"id": "2021", "ano": "2025", "numero": "296", "tipo__sigla": "Ind", "tipo__descricao": "INDICA\u00c7\u00c3O", "autoria": "Thiago Siqueira Marques, Sebasti\u00e3o dos Santos Fortes Vieira", "texto_original": "http://sapl.delfimmoreira.mg.leg.br/media/sapl/public/materialegislativa/2025/2021/indicacao_no_296-2025_-_tsm_-_desassoreamento_do_rio.pdf", "ementa": "a ro\u00e7ada, capina e o desassoreamento  do rio de nossa cidade"}, {"id": "2022", "ano": "2025", "numero": "297", "tipo__sigla": "Ind", "tipo__descricao": "INDICA\u00c7\u00c3O", "autoria": "Jucemar Paulo dos Santos", "texto_original": "http://sapl.delfimmoreira.mg.leg.br/media/sapl/public/materialegislativa/2025/2022/indicacao_no_297_-_2025__jucemar_-_limpeza_no_cemiterio.pdf", "ementa": "a  limpeza e manuten\u00e7\u00e3o nos cemit\u00e9rios, tanto da sede do munic\u00edpio quanto do bairro Rio Claro."}, {"id": "2023", "ano": "2025", "numero": "298", "tipo__sigla": "Ind", "tipo__descricao": "INDICA\u00c7\u00c3O", "autoria": "Jucemar Paulo dos Santos", "texto_original": "http://sapl.delfimmoreira.mg.leg.br/media/sapl/public/materialegislativa/2025/2023/indicacao_no_298_-_2025__jucemar_-_lombada_bloquete_solto.pdf", "ementa": "que seja realizada a manuten\u00e7\u00e3o da lombada situada nas proximidades da lot\u00e9rica e da padaria do Eduardo"}, {"id": "2024", "ano": "2025", "numero": "299", "tipo__sigla": "Ind", "tipo__descricao": "INDICA\u00c7\u00c3O", "autoria": "Jucemar Paulo dos Santos", "texto_original": "http://sapl.delfimmoreira.mg.leg.br/media/sapl/public/materialegislativa/2025/2024/indicacao_no_299_-_2025__jucemar_-_troca_de_lampada.pdf", "ementa": "que seja realizada a troca das l\u00e2mpadas queimadas localizadas na rua da padaria do Eduardo, no Centro, e no bairro da Barreira, em frente \u00e0 resid\u00eancia da dona Malu."}, {"id": "2025", "ano": "2025", "numero": "300", "tipo__sigla": "Ind", "tipo__descricao": "INDICA\u00c7\u00c3O", "autoria": "Jucemar Paulo dos Santos", "texto_original": "http://sapl.delfimmoreira.mg.leg.br/media/sapl/public/materialegislativa/2025/2025/indicacao_no_300_-_2025__jucemar_-_canteiro_saude.pdf", "ementa": "que seja realizada a limpeza e manuten\u00e7\u00e3o do canteiro localizado em frente ao Posto de Sa\u00fade do Centro de Delfim Moreira"}, {"id": "2026", "ano": "2025", "numero": "301", "tipo__sigla": "Ind", "tipo__descricao": "INDICA\u00c7\u00c3O", "autoria": "H\u00e9der Alexandre Ribeiro Caminha", "texto_original": "http://sapl.delfimmoreira.mg.leg.br/media/sapl/public/materialegislativa/2025/2026/indicacao_no_301-2025__heder__sinalizacao_laudelino.pdf", "ementa": "que seja realizado um estudo t\u00e9cnico para implanta\u00e7\u00e3o de  placa de sinaliza\u00e7\u00e3o e de faixa de pedestre na Rua  Arist\u00f3teles Soares da Costa"}, {"id": "2027", "ano": "2025", "numero": "302", "tipo__sigla": "Ind", "tipo__descricao": "INDICA\u00c7\u00c3O", "autoria": "H\u00e9der Alexandre Ribeiro Caminha", "texto_original": "http://sapl.delfimmoreira.mg.leg.br/media/sapl/public/materialegislativa/2025/2027/indicacao_no_302-2025__heder_manutencao_na_sarjeta.pdf", "ementa": "Que seja realizada manuten\u00e7\u00e3o no cal\u00e7amento e nas sarjetas das ruas Manoel Jos\u00e9 Lebr\u00e3o e Joaquim de Melo."}, {"id": "2028", "ano": "2025", "numero": "303", "tipo__sigla": "Ind", "tipo__descricao": "INDICA\u00c7\u00c3O", "autoria": "Ant\u00f4nio Luciano da Silva", "texto_original": "http://sapl.delfimmoreira.mg.leg.br/media/sapl/public/materialegislativa/2025/2028/indicacao_no_303-2025_tonho_rede_eletrica_bairro_rio_claro.pdf", "ementa": "que seja realizada a poda das \u00e1rvores localizadas no Bairro Rio Claro, nas proximidades do campo, tendo em vista que os galhos est\u00e3o encostando na rede el\u00e9trica, oferecendo riscos \u00e0 popula\u00e7\u00e3o e podendo causar interrup\u00e7\u00f5es no fornecimento de energia."}, {"id": "2029", "ano": "2025", "numero": "304", "tipo__sigla": "Ind", "tipo__descricao": "INDICA\u00c7\u00c3O", "autoria": "H\u00e9der Alexandre Ribeiro Caminha, Jucemar Paulo dos Santos", "texto_original": "http://sapl.delfimmoreira.mg.leg.br/media/sapl/public/materialegislativa/2025/2029/indicacao_no_304-2025__heder_sebastiao__jucemar_mapeamento_ruas_cidade.pdf", "ementa": "a realiza\u00e7\u00e3o de um mapeamento detalhado nas vias p\u00fablicas localizadas no Centro da cidade, no Bairro Monteiro e no Bairro da Barreira, com o objetivo de identificar e registrar os trechos que necessitam urgentemente de manuten\u00e7\u00e3o nos pavimentos, sejam por buracos, afundamentos, desgastes ou irregularidades que comprometam o tr\u00e1fego de ve\u00edculos e pedestres."}, {"id": "2030", "ano": "2025", "numero": "305", "tipo__sigla": "Ind", "tipo__descricao": "INDICA\u00c7\u00c3O", "autoria": "Ant\u00f4nio Luciano da Silva", "texto_original": "http://sapl.delfimmoreira.mg.leg.br/media/sapl/public/materialegislativa/2025/2030/indicacao_no_305-2025__antonio_sebastiao___numeracao_postes.pdf", "ementa": "a realiza\u00e7\u00e3o da numera\u00e7\u00e3o dos postes de ilumina\u00e7\u00e3o p\u00fablica situados na zona rural do munic\u00edpio, a fim de facilitar a identifica\u00e7\u00e3o e refer\u00eancia dos pontos onde h\u00e1 necessidade de manuten\u00e7\u00e3o, especialmente na substitui\u00e7\u00e3o de l\u00e2mpadas queimadas."}, {"id": "2031", "ano": "2025", "numero": "306", "tipo__sigla": "Ind", "tipo__descricao": "INDICA\u00c7\u00c3O", "autoria": "Jos\u00e9 Carlos Rodrigues, Mateus de Carvalho Ribeiro, Thiago Siqueira Marques", "texto_original": "http://sapl.delfimmoreira.mg.leg.br/media/sapl/public/materialegislativa/2025/2031/indicacao_no_306-2025__jose_thiago___manutencao_estrada_barreirinho.pdf", "ementa": "A realiza\u00e7\u00e3o de manuten\u00e7\u00e3o na estrada que liga o bairro da Turma ao Bairro do Barreirinho, incluindo servi\u00e7os de patrolamento, cascalhamento e limpeza das laterais da via, a fim de garantir melhores condi\u00e7\u00f5es de tr\u00e1fego."}, {"id": "2032", "ano": "2025", "numero": "307", "tipo__sigla": "Ind", "tipo__descricao": "INDICA\u00c7\u00c3O", "autoria": "Mateus de Carvalho Ribeiro", "texto_original": "http://sapl.delfimmoreira.mg.leg.br/media/sapl/public/materialegislativa/2025/2032/indicacao_no_307-2025__mateus_-_retificacao_edital_hino.pdf", "ementa": "que seja retificado o Edital n\u00ba 001/2025, referente ao Concurso para Cria\u00e7\u00e3o do Hino Municipal, com a inclus\u00e3o de uma cl\u00e1usula espec\u00edfica exigindo dos participantes declara\u00e7\u00e3o assinada de que a obra apresentada (letra e melodia) \u00e9 integralmente de autoria pr\u00f3pria e n\u00e3o foi gerada, total ou parcialmente, por ferramentas de intelig\u00eancia artificial (IA)."}, {"id": "2033", "ano": "2025", "numero": "308", "tipo__sigla": "Ind", "tipo__descricao": "INDICA\u00c7\u00c3O", "autoria": "Ant\u00f4nio Luciano da Silva, H\u00e9der Alexandre Ribeiro Caminha, Jos\u00e9 Carlos Rodrigues, Jucemar Paulo dos Santos, Mateus de Carvalho Ribeiro, Reinaldo S\u00e1vio Ribeiro, Sebasti\u00e3o dos Santos Fortes Vieira, Stella Cristina Cortez, Thiago Siqueira Marques", "texto_original": "http://sapl.delfimmoreira.mg.leg.br/media/sapl/public/materialegislativa/2025/2033/indicacao_no_308-2025_todos__cesta_natalina_servidores.pdf", "ementa": "que seja avaliada a possibilidade de efetuar o pagamento do vale em dobro aos funcion\u00e1rios, como forma de reconhecimento e valoriza\u00e7\u00e3o pelo trabalho prestado ao longo do ano."}, {"id": "2034", "ano": "2025", "numero": "309", "tipo__sigla": "Ind", "tipo__descricao": "INDICA\u00c7\u00c3O", "autoria": "Thiago Siqueira Marques", "texto_original": "http://sapl.delfimmoreira.mg.leg.br/media/sapl/public/materialegislativa/2025/2034/indicacao_no_309-2025_thiago_-_manutencao_e_cascalho_santa_cruz.pdf", "ementa": "a manuten\u00e7\u00e3o da estrada que d\u00e1 acesso ao bairro Santa Cruz, com coloca\u00e7\u00e3o de cascalho nos trechos mais danificados, visando melhorar as condi\u00e7\u00f5es de tr\u00e1fego e garantir mais seguran\u00e7a e comodidade aos moradores e produtores rurais da localidade."}, {"id": "2035", "ano": "2025", "numero": "310", "tipo__sigla": "Ind", "tipo__descricao": "INDICA\u00c7\u00c3O", "autoria": "Reinaldo S\u00e1vio Ribeiro", "texto_original": "http://sapl.delfimmoreira.mg.leg.br/media/sapl/public/materialegislativa/2025/2035/indicacao_no_310-2025_reinaldo_-_bueiro_sertao_pequeno.pdf", "ementa": "a instala\u00e7\u00e3o de um bueiro na estrada que d\u00e1 acesso ao campo, descendo para a estrada principal, no Bairro Pitangal."}, {"id": "2036", "ano": "2025", "numero": "311", "tipo__sigla": "Ind", "tipo__descricao": "INDICA\u00c7\u00c3O", "autoria": "H\u00e9der Alexandre Ribeiro Caminha, Thiago Siqueira Marques", "texto_original": "http://sapl.delfimmoreira.mg.leg.br/media/sapl/public/materialegislativa/2025/2036/indicacao_no_311-2025_heder_-_manutencao_bueiro_juscelino_kubitschek.pdf", "ementa": "a manuten\u00e7\u00e3o ou troca das tampas de bueiros  na rua Juscelino Kubitschek, nas proximidades da casa do \u201cPaulo do Lu\u201d e do \u201cJoaquim Ferreira\u201d."}, {"id": "2037", "ano": "2025", "numero": "312", "tipo__sigla": "Ind", "tipo__descricao": "INDICA\u00c7\u00c3O", "autoria": "H\u00e9der Alexandre Ribeiro Caminha", "texto_original": "http://sapl.delfimmoreira.mg.leg.br/media/sapl/public/materialegislativa/2025/2037/indicacao_no_312-2025_heder_-_instalacao_lixeira.pdf", "ementa": "a instala\u00e7\u00e3o de uma lixeira comunit\u00e1ria na rua Joaquim de Oliveira, na subida que d\u00e1 acesso a casa do \u201c Sr. Jo\u00e3o Juruna\u201d."}, {"id": "2038", "ano": "2025", "numero": "313", "tipo__sigla": "Ind", "tipo__descricao": "INDICA\u00c7\u00c3O", "autoria": "Thiago Siqueira Marques", "texto_original": "http://sapl.delfimmoreira.mg.leg.br/media/sapl/public/materialegislativa/2025/2038/indicacao_no_313-2025_thiago_-_poda_arvores.pdf", "ementa": "a poda de \u00e1rvores na estrada sentido ao bairro S\u00e3o Bernardo."}, {"id": "2039", "ano": "2025", "numero": "314", "tipo__sigla": "Ind", "tipo__descricao": "INDICA\u00c7\u00c3O", "autoria": "Ant\u00f4nio Luciano da Silva, H\u00e9der Alexandre Ribeiro Caminha, Jos\u00e9 Carlos Rodrigues, Jucemar Paulo dos Santos, Mateus de Carvalho Ribeiro, Reinaldo S\u00e1vio Ribeiro, Sebasti\u00e3o dos Santos Fortes Vieira, Stella Cristina Cortez, Thiago Siqueira Marques", "texto_original": "http://sapl.delfimmoreira.mg.leg.br/media/sapl/public/materialegislativa/2025/2039/indicacao_no_314-2025_stella__-embarque_criancas.pdf", "ementa": "a necessidade urgente de instala\u00e7\u00e3o de abrigos cobertos nos pontos de embarque do transporte escolar localizados em todos os bairros e comunidades rurais deste munic\u00edpio."}, {"id": "2040", "ano": "2025", "numero": "315", "tipo__sigla": "Ind", "tipo__descricao": "INDICA\u00c7\u00c3O", "autoria": "Stella Cristina Cortez", "texto_original": "http://sapl.delfimmoreira.mg.leg.br/media/", "ementa": "a realiza\u00e7\u00e3o dos seguintes servi\u00e7os no Bairro \u00c1gua Limpa:"}, {"id": "2041", "ano": "2025", "numero": "316", "tipo__sigla": "Ind", "tipo__descricao": "INDICA\u00c7\u00c3O", "autoria": "", "texto_original": "http://sapl.delfimmoreira.mg.leg.br/media/sapl/public/materialegislativa/2025/2041/indicacao_no_316-2025_stella_-_pintura_e_poda_agua_limpa.pdf", "ementa": "a realiza\u00e7\u00e3o dos seguintes servi\u00e7os no Bairro \u00c1gua Limpa:\r\n Pintura do meio-fio em todo o trecho do bairro;\r\nServi\u00e7os de poda, ro\u00e7ada e limpeza geral."}, {"id": "2042", "ano": "2025", "numero": "317", "tipo__sigla": "Ind", "tipo__descricao": "INDICA\u00c7\u00c3O", "autoria": "Mateus de Carvalho Ribeiro", "texto_original": "http://sapl.delfimmoreira.mg.leg.br/media/sapl/public/materialegislativa/2025/2042/indicacao_no_317-2025_mateus__-_plantio_de_morango.pdf", "ementa": "meios para implementar, ampliar e incentivar o plantio de morango no munic\u00edpio de Delfim Moreira, considerando seu potencial produtivo e econ\u00f4mico.."}, {"id": "2043", "ano": "2025", "numero": "318", "tipo__sigla": "Ind", "tipo__descricao": "INDICA\u00c7\u00c3O", "autoria": "Mateus de Carvalho Ribeiro", "texto_original": "http://sapl.delfimmoreira.mg.leg.br/media/sapl/public/materialegislativa/2025/2043/indicacao_no_318-2025_mateus__-_bairro_rosario.pdf", "ementa": "meios para que seja estudada e implementada, com a maior brevidade poss\u00edvel, a instala\u00e7\u00e3o de uma Academia ao Ar Livre no Bairro do Ros\u00e1rio."}, {"id": "2044", "ano": "2025", "numero": "319", "tipo__sigla": "Ind", "tipo__descricao": "INDICA\u00c7\u00c3O", "autoria": "Ant\u00f4nio Luciano da Silva, H\u00e9der Alexandre Ribeiro Caminha, Jos\u00e9 Carlos Rodrigues, Jucemar Paulo dos Santos, Mateus de Carvalho Ribeiro, Reinaldo S\u00e1vio Ribeiro, Sebasti\u00e3o dos Santos Fortes Vieira, Stella Cristina Cortez, Thiago Siqueira Marques", "texto_original": "http://sapl.delfimmoreira.mg.leg.br/media/sapl/public/materialegislativa/2025/2044/indicacao_no_319-2025_mateus__-_obra_ponte_da_peixe.pdf", "ementa": ",  que o Poder Executivo Municipal adote as medidas necess\u00e1rias para a retomada imediata da obra da Ponte da Peixe, situada na zona rural deste Munic\u00edpio, bem como publique de forma clara, oficial e acess\u00edvel \u00e0 popula\u00e7\u00e3o os motivos pelos quais a obra se encontra paralisada ou n\u00e3o avan\u00e7a."}, {"id": "2045", "ano": "2025", "numero": "320", "tipo__sigla": "Ind", "tipo__descricao": "INDICA\u00c7\u00c3O", "autoria": "", "texto_original": "http://sapl.delfimmoreira.mg.leg.br/media/sapl/public/materialegislativa/2025/2045/indicacao_no_320-2025_mateus__-_estrada_santo_cruzeiro.pdf", "ementa": "manuten\u00e7\u00e3o na estrada que d\u00e1 acesso ao Santo Cruzeiro do bairro S\u00e3o Bernardo."}, {"id": "2089", "ano": "2025", "numero": "321", "tipo__sigla": "Ind", "tipo__descricao": "INDICA\u00c7\u00c3O", "autoria": "Ant\u00f4nio Luciano da Silva, Reinaldo S\u00e1vio Ribeiro", "texto_original": "http://sapl.delfimmoreira.mg.leg.br/media/sapl/public/materialegislativa/2025/2089/indicacao_no_321-2025_antonio_-_reinaldo_-__limpeza_posto_de_saude_sertao_pequeno.pdf", "ementa": "Limpeza entorno da unidade do posto de sa\u00fade do bairro Sert\u00e3o Pequeno."}, {"id": "2090", "ano": "2025", "numero": "322", "tipo__sigla": "Ind", "tipo__descricao": "INDICA\u00c7\u00c3O", "autoria": "Sebasti\u00e3o dos Santos Fortes Vieira", "texto_original": "http://sapl.delfimmoreira.mg.leg.br/media/sapl/public/materialegislativa/2025/2090/indicacao_no_322-2025_sebastiao_-_iluminacao_vila_rica.pdf", "ementa": "Que sejam tomadas as provid\u00eancias necess\u00e1rias para a execu\u00e7\u00e3o de cal\u00e7amento e melhoria da ilumina\u00e7\u00e3o p\u00fablica no Bairro Vila Rica, especificamente na Rua Florival Gon\u00e7alves de Faria."}, {"id": "2091", "ano": "2025", "numero": "323", "tipo__sigla": "Ind", "tipo__descricao": "INDICA\u00c7\u00c3O", "autoria": "Mateus de Carvalho Ribeiro, Sebasti\u00e3o dos Santos Fortes Vieira", "texto_original": "http://sapl.delfimmoreira.mg.leg.br/media/sapl/public/materialegislativa/2025/2091/indicacao_no_323-2025_sebastiao_-_manutencao_estrada_rosario.pdf", "ementa": "manuten\u00e7\u00e3o na estrada localizada no bairro do Ros\u00e1rio, tendo em vista que o rio existente \u00e0s margens da via est\u00e1 provocando o deslocamento e a eros\u00e3o do leito da estrada, situa\u00e7\u00e3o que tem se agravado a cada dia."}, {"id": "2092", "ano": "2025", "numero": "324", "tipo__sigla": "Ind", "tipo__descricao": "INDICA\u00c7\u00c3O", "autoria": "Sebasti\u00e3o dos Santos Fortes Vieira", "texto_original": "http://sapl.delfimmoreira.mg.leg.br/media/sapl/public/materialegislativa/2025/2092/indicacao_no_324-2025_sebastiao_-_manutencao_estrada_barreirinho.pdf", "ementa": "Manuten\u00e7\u00e3o do bueiro e das manilhas localizados no bairro Barreirinho, uma vez que tais estruturas cederam e est\u00e3o avan\u00e7ando sobre a estrada, comprometendo a seguran\u00e7a dos usu\u00e1rios e o tr\u00e1fego de ve\u00edculos."}, {"id": "2093", "ano": "2025", "numero": "325", "tipo__sigla": "Ind", "tipo__descricao": "INDICA\u00c7\u00c3O", "autoria": "Mateus de Carvalho Ribeiro", "texto_original": "http://sapl.delfimmoreira.mg.leg.br/media/sapl/public/materialegislativa/2025/2093/indicacao_no_325-2025_mateus_-_natal_de_delfim.pdf", "ementa": "Que estude a possibilidade de desenvolver e promover eventos natalinos em Delfim Moreira."}, {"id": "1595", "ano": "2025", "numero": "1", "tipo__sigla": "Req", "tipo__descricao": "REQUERIMENTO", "autoria": "Mateus de Carvalho Ribeiro", "texto_original": "http://sapl.delfimmoreira.mg.leg.br/media/sapl/public/materialegislativa/2025/1595/requerimento_no_001-2025__lei_de_liberdade_economica_-sec_governo.pdf", "ementa": "Solicita informa\u00e7\u00f5es detalhadas sobre o andamento da implementa\u00e7\u00e3o da Lei de Liberdade Econ\u00f4mica (Lei n\u00ba 13.874/2019) no \u00e2mbito do munic\u00edpio de Delfim Moreira-MG."}, {"id": "1596", "ano": "2025", "numero": "2", "tipo__sigla": "Req", "tipo__descricao": "REQUERIMENTO", "autoria": "Mateus de Carvalho Ribeiro", "texto_original": "http://sapl.delfimmoreira.mg.leg.br/media/sapl/public/materialegislativa/2025/1596/requerimento_no_002-2025__plano_de_acoes_-sec_turismo.pdf", "ementa": "Solicitar informa\u00e7\u00f5es detalhadas quanto ao calend\u00e1rio anual de eventos e o plano de a\u00e7\u00e3o da referida Secretaria para o ano de 2025."}, {"id": "1597", "ano": "2025", "numero": "3", "tipo__sigla": "Req", "tipo__descricao": "REQUERIMENTO", "autoria": "Stella Cristina Cortez", "texto_original": "http://sapl.delfimmoreira.mg.leg.br/media/sapl/public/materialegislativa/2025/1597/requerimento_no_003-2025__instalacao_iluminacao_caquende.pdf", "ementa": "Solicitar informa\u00e7\u00f5es detalhadas sobre a instala\u00e7\u00e3o de ilumina\u00e7\u00e3o p\u00fablica no bairro Caquende."}, {"id": "1598", "ano": "2025", "numero": "4", "tipo__sigla": "Req", "tipo__descricao": "REQUERIMENTO", "autoria": "Thiago Siqueira Marques", "texto_original": "http://sapl.delfimmoreira.mg.leg.br/media/sapl/public/materialegislativa/2025/1598/requerimento_no_004-2025__reforma_clube_esportivo_-sec_turismo.pdf", "ementa": "Solicitar informa\u00e7\u00f5es detalhadas quanto ao nosso espa\u00e7o de centro esportivo: \r\nComo \u00e9 feita a manuten\u00e7\u00e3o da piscina, limpeza e com qual periodicidade? \r\nExiste algum projeto para a revitaliza\u00e7\u00e3o do espa\u00e7o?"}, {"id": "1599", "ano": "2025", "numero": "5", "tipo__sigla": "Req", "tipo__descricao": "REQUERIMENTO", "autoria": "Mateus de Carvalho Ribeiro", "texto_original": "http://sapl.delfimmoreira.mg.leg.br/media/sapl/public/materialegislativa/2025/1599/requerimento_no_005-2025__plano_de_acoes_-sec_turismo.pdf", "ementa": "Solicitar um estudo quanto \u00e0 viabilidade da constru\u00e7\u00e3o  de uma \u00e1rea de lazer no bairro do Ros\u00e1rio e no bairro S\u00e3o Bernardo, visando o melhor aproveitamento dos espa\u00e7os nos campos de futebol existentes nos referidos bairros.  A proposta inclui ouvir a comunidade local para identificar as prioridades e necessidades, considerando a possibilidade de implanta\u00e7\u00e3o de:\r\n\u25cf\tUm campo de futebol society;\r\n\u25cf\tUma quadra de voleibol;\r\n\u25cf\tUma \u00e1rea infantil para recrea\u00e7\u00e3o;\r\n\u25cf\tPista de caminhada;\r\n\u25cf\tE outros equipamentos que promovam a integra\u00e7\u00e3o social e o lazer."}, {"id": "1604", "ano": "2025", "numero": "6", "tipo__sigla": "Req", "tipo__descricao": "REQUERIMENTO", "autoria": "Jos\u00e9 Carlos Rodrigues", "texto_original": "http://sapl.delfimmoreira.mg.leg.br/media/sapl/public/materialegislativa/2025/1604/requerimento_no_006-2025_pendencias_emendas_impositivas.pdf", "ementa": "solicitar informa\u00e7\u00f5es detalhadas acerca de todas as pend\u00eancias relacionadas \u00e0s emendas impositivas desta Casa Legislativa, considerando os anos de 2022 e 2023"}, {"id": "1605", "ano": "2025", "numero": "7", "tipo__sigla": "Req", "tipo__descricao": "REQUERIMENTO", "autoria": "Sebasti\u00e3o dos Santos Fortes Vieira", "texto_original": "http://sapl.delfimmoreira.mg.leg.br/media/sapl/public/materialegislativa/2025/1605/requerimento_no_007-2025_extensao_de_rede_eletrica.pdf", "ementa": "Solicitar informa\u00e7\u00f5es atualizadas sobre a situa\u00e7\u00e3o da extens\u00e3o da rede de energia el\u00e9trica no munic\u00edpio"}, {"id": "1606", "ano": "2025", "numero": "8", "tipo__sigla": "Req", "tipo__descricao": "REQUERIMENTO", "autoria": "Sebasti\u00e3o dos Santos Fortes Vieira", "texto_original": "http://sapl.delfimmoreira.mg.leg.br/media/sapl/public/materialegislativa/2025/1606/requerimento_no_008-2025_servicos_amasp.pdf", "ementa": "Solicitar informa\u00e7\u00f5es quanto aos servi\u00e7os prestados pela AMASP (Associa\u00e7\u00e3o dos Munic\u00edpios da Micro Regi\u00e3o Alto Sapuca\u00ed)."}, {"id": "1607", "ano": "2025", "numero": "9", "tipo__sigla": "Req", "tipo__descricao": "REQUERIMENTO", "autoria": "Stella Cristina Cortez", "texto_original": "http://sapl.delfimmoreira.mg.leg.br/media/sapl/public/materialegislativa/2025/1607/requerimento_no_009-2025_stella_iluminacao_do_corte.pdf", "ementa": "Solicitar informa\u00e7\u00f5es quanto \u00e0 solu\u00e7\u00e3o da ilumina\u00e7\u00e3o do trecho do Corte."}, {"id": "1608", "ano": "2025", "numero": "10", "tipo__sigla": "Req", "tipo__descricao": "REQUERIMENTO", "autoria": "Thiago Siqueira Marques", "texto_original": "http://sapl.delfimmoreira.mg.leg.br/media/sapl/public/materialegislativa/2025/1608/requerimento_no_10-2025_thiago_barranco_av_do_encontro.pdf", "ementa": "Solicitar informa\u00e7\u00f5es ,  sobre quais medidas que est\u00e3o sendo adotadas em rela\u00e7\u00e3o ao barranco localizado na Avenida do Encontro."}, {"id": "1609", "ano": "2025", "numero": "11", "tipo__sigla": "Req", "tipo__descricao": "REQUERIMENTO", "autoria": "Thiago Siqueira Marques, Jos\u00e9 Carlos Rodrigues", "texto_original": "http://sapl.delfimmoreira.mg.leg.br/media/sapl/public/materialegislativa/2025/1609/requerimento_no_11-2025_thiago_ataque_de_caes.pdf", "ementa": "Solicitar  informa\u00e7\u00f5es detalhadas sobre as medidas que a Secretaria est\u00e1 adotando para apoiar os produtores rurais de nosso munic\u00edpio, especificamente em rela\u00e7\u00e3o aos ataques recorrentes de c\u00e3es aos rebanhos, que t\u00eam afetado diversas propriedades nos \u00faltimos tempos, causando muitos preju\u00edzos."}, {"id": "1628", "ano": "2025", "numero": "12", "tipo__sigla": "Req", "tipo__descricao": "REQUERIMENTO", "autoria": "Stella Cristina Cortez", "texto_original": "http://sapl.delfimmoreira.mg.leg.br/media/sapl/public/materialegislativa/2025/1628/requerimento_no_012-2025_stella_programa_social_disponivel_no_municipio.pdf", "ementa": "Solicitar a rela\u00e7\u00e3o detalhada de todos os programa sociais atualmente dispon\u00edveis no Munic\u00edpio que atendem a popula\u00e7\u00e3o de baixa renda, contendo as seguintes informa\u00e7\u00f5es.\r\n(secretaria de assistente social)"}, {"id": "1629", "ano": "2025", "numero": "13", "tipo__sigla": "Req", "tipo__descricao": "REQUERIMENTO", "autoria": "Stella Cristina Cortez", "texto_original": "http://sapl.delfimmoreira.mg.leg.br/media/sapl/public/materialegislativa/2025/1629/requerimento_no_013-2025_stella_programa_social_disponivel_no_municipio_saude.pdf", "ementa": "Solicitar a rela\u00e7\u00e3o detalhada de todos os programa sociais atualmente dispon\u00edveis no Munic\u00edpio que atendem a popula\u00e7\u00e3o de baixa renda, contendo as seguintes informa\u00e7\u00f5es.\r\n(Secretaria de Sa\u00fade)"}, {"id": "1630", "ano": "2025", "numero": "14", "tipo__sigla": "Req", "tipo__descricao": "REQUERIMENTO", "autoria": "H\u00e9der Alexandre Ribeiro Caminha", "texto_original": "http://sapl.delfimmoreira.mg.leg.br/media/sapl/public/materialegislativa/2025/1630/requerimento_no_014-2025_heder_-_programas_habitacionais.pdf", "ementa": "Solicitar informa\u00e7\u00f5es atualizadas acerca do andamento de programas habitacionais em nosso munic\u00edpio."}, {"id": "1631", "ano": "2025", "numero": "15", "tipo__sigla": "Req", "tipo__descricao": "REQUERIMENTO", "autoria": "Mateus de Carvalho Ribeiro", "texto_original": "http://sapl.delfimmoreira.mg.leg.br/media/sapl/public/materialegislativa/2025/1631/requerimento_no_015-2025__-_mateus_-_sec_turismo_-_solicita_reforma_pracas.pdf", "ementa": "Solicitar o estudo e se houver, o cronograma das reformas das Pra\u00e7as de Delfim Moreira."}, {"id": "1632", "ano": "2025", "numero": "16", "tipo__sigla": "Req", "tipo__descricao": "REQUERIMENTO", "autoria": "Mateus de Carvalho Ribeiro", "texto_original": "http://sapl.delfimmoreira.mg.leg.br/media/sapl/public/materialegislativa/2025/1632/requerimento_no_016-2025__-_mateus_-_sec_turismo_-_solicita_reforma_casarao.pdf", "ementa": "Solicitar informa\u00e7\u00f5es e toda a documenta\u00e7\u00e3o dispon\u00edvel quanto a reforma do casar\u00e3o da Dona Marina."}, {"id": "1633", "ano": "2025", "numero": "17", "tipo__sigla": "Req", "tipo__descricao": "REQUERIMENTO", "autoria": "Mateus de Carvalho Ribeiro", "texto_original": "http://sapl.delfimmoreira.mg.leg.br/media/sapl/public/materialegislativa/2025/1633/requerimento_no_017-2025__-_mateus_-_sec_obras_-_iluminacao_bairro_charco.pdf", "ementa": ".Solicitar informa\u00e7\u00f5es quanto \u00e0 instala\u00e7\u00e3o de ilumina\u00e7\u00e3o p\u00fablica no bairro do Charco."}, {"id": "1634", "ano": "2025", "numero": "18", "tipo__sigla": "Req", "tipo__descricao": "REQUERIMENTO", "autoria": "Mateus de Carvalho Ribeiro", "texto_original": "http://sapl.delfimmoreira.mg.leg.br/media/sapl/public/materialegislativa/2025/1634/requerimento_no_018-2025__-_mateus_-_sec_turismo_-_solicita_medidas_placas_turismo.pdf", "ementa": "Solicitar o levantamento e a posterior recoloca\u00e7\u00e3o e manuten\u00e7\u00e3o de placas de sinaliza\u00e7\u00f5es tur\u00edsticas em nosso munic\u00edpio."}, {"id": "1635", "ano": "2025", "numero": "19", "tipo__sigla": "Req", "tipo__descricao": "REQUERIMENTO", "autoria": "Thiago Siqueira Marques, Ant\u00f4nio Luciano da Silva", "texto_original": "http://sapl.delfimmoreira.mg.leg.br/media/sapl/public/materialegislativa/2025/1635/requerimento_no_019-2025_thiago_e_antonio-_cesta_basica.pdf", "ementa": "Solicitar informa\u00e7\u00f5es sobre o andamento da aquisi\u00e7\u00e3o de cestas b\u00e1sicas no munic\u00edpio, considerando que alguns mun\u00edcipes t\u00eam cobrado esse benef\u00edcio, mas n\u00e3o est\u00e3o sendo atendidos."}, {"id": "1636", "ano": "2025", "numero": "20", "tipo__sigla": "Req", "tipo__descricao": "REQUERIMENTO", "autoria": "Mateus de Carvalho Ribeiro", "texto_original": "http://sapl.delfimmoreira.mg.leg.br/media/sapl/public/materialegislativa/2025/1636/requerimento_no_020-2025_mateus_parque_e_academia_ponte_de_zinco_e_bicas.pdf", "ementa": "Solicitar informa\u00e7\u00f5es sobre o planejamento da Secretaria  de Turismo em rela\u00e7\u00e3o aos bairros Ponte de Zinco e Bicas:\r\n-no planejamento da Secretaria a constru\u00e7\u00e3o de uma academia ao ar livre?\r\n-H\u00e1 previs\u00e3o para a cria\u00e7\u00e3o de um espa\u00e7o de lazer destinado \u00e0 popula\u00e7\u00e3o, com especial aten\u00e7\u00e3o \u00e0 instala\u00e7\u00e3o de um parquinho infantil nesses bairros?"}, {"id": "1637", "ano": "2025", "numero": "21", "tipo__sigla": "Req", "tipo__descricao": "REQUERIMENTO", "autoria": "Mateus de Carvalho Ribeiro, H\u00e9der Alexandre Ribeiro Caminha", "texto_original": "http://sapl.delfimmoreira.mg.leg.br/media/sapl/public/materialegislativa/2025/1637/requerimento_no_021-2025_mateus_posto_saude_bicas.pdf", "ementa": "Solicitar informa\u00e7\u00f5es:\r\n1. Qual \u00e9 o plano de a\u00e7\u00e3o da Secretaria Municipal de Sa\u00fade para a manuten\u00e7\u00e3o e melhoria dos postos de sa\u00fade do munic\u00edpio?\r\n2. Existe planejamento para a reforma do posto de sa\u00fade do bairro Bicas, que atualmente se encontra em situa\u00e7\u00e3o prec\u00e1ria? Em caso afirmativo, qual o prazo previsto para o in\u00edcio das obras?"}, {"id": "1663", "ano": "2025", "numero": "22", "tipo__sigla": "Req", "tipo__descricao": "REQUERIMENTO", "autoria": "Stella Cristina Cortez", "texto_original": "http://sapl.delfimmoreira.mg.leg.br/media/sapl/public/materialegislativa/2025/1663/requerimento_no_022-2025_stella_lei_albir_blanc.pdf", "ementa": "solicitar informa\u00e7\u00f5es acerca do andamento dos editais da Lei Aldir Blanc no munic\u00edpio de Delfim Moreira, ainda referentes ao ano de 2024."}, {"id": "1664", "ano": "2025", "numero": "23", "tipo__sigla": "Req", "tipo__descricao": "REQUERIMENTO", "autoria": "Thiago Siqueira Marques", "texto_original": "http://sapl.delfimmoreira.mg.leg.br/media/sapl/public/materialegislativa/2025/1664/requerimento_no_023-2025_servicos_vigilancia_sanitaria.pdf", "ementa": "vem respeitosamente perante V.Sa. solicitar informa\u00e7\u00f5es quanto aos servi\u00e7os prestados pela vigil\u00e2ncia Epidemiol\u00f3gica."}, {"id": "1665", "ano": "2025", "numero": "24", "tipo__sigla": "Req", "tipo__descricao": "REQUERIMENTO", "autoria": "Thiago Siqueira Marques", "texto_original": "http://sapl.delfimmoreira.mg.leg.br/media/sapl/public/materialegislativa/2025/1665/requerimento_no_024-2025_preservacao_de_nascentes.pdf", "ementa": "solicitar informa\u00e7\u00f5es quanto \u00e0s nascentes de nosso munic\u00edpio"}, {"id": "1666", "ano": "2025", "numero": "25", "tipo__sigla": "Req", "tipo__descricao": "REQUERIMENTO", "autoria": "Thiago Siqueira Marques", "texto_original": "http://sapl.delfimmoreira.mg.leg.br/media/sapl/public/materialegislativa/2025/1666/requerimento_no_025-2025_captacao.pdf", "ementa": "solicitar informa\u00e7\u00f5es quanto \u00e0s capta\u00e7\u00f5es de \u00e1gua e tratamentos em zonas rurais:"}, {"id": "1667", "ano": "2025", "numero": "26", "tipo__sigla": "Req", "tipo__descricao": "REQUERIMENTO", "autoria": "Jucemar Paulo dos Santos", "texto_original": "http://sapl.delfimmoreira.mg.leg.br/media/sapl/public/materialegislativa/2025/1667/requerimento_no_026-2025_transporte_para_consultas.pdf", "ementa": "solicitar informa\u00e7\u00f5es quanto a transporte para a locomo\u00e7\u00e3o de mun\u00edcipes para consultas em nosso munic\u00edpio:"}, {"id": "1670", "ano": "2025", "numero": "27", "tipo__sigla": "Req", "tipo__descricao": "REQUERIMENTO", "autoria": "Jucemar Paulo dos Santos", "texto_original": "http://sapl.delfimmoreira.mg.leg.br/media/sapl/public/materialegislativa/2025/1670/requerimento_no_027-2025_quadra_no_bigua.pdf", "ementa": "Solicitar informa\u00e7\u00f5es no que se refere \u00e0 constru\u00e7\u00e3o de uma quadra no bairro do Bigu\u00e1"}, {"id": "1671", "ano": "2025", "numero": "28", "tipo__sigla": "Req", "tipo__descricao": "REQUERIMENTO", "autoria": "Thiago Siqueira Marques", "texto_original": "http://sapl.delfimmoreira.mg.leg.br/media/sapl/public/materialegislativa/2025/1671/requerimento_no_028-2025_thiago_laudo_inspecao_transporte_publico.pdf", "ementa": "Solicitar os Laudos de Inspe\u00e7\u00e3o do Transporte Escolar terceirizado do munic\u00edpio de Delfim Moreira, referente ao ano de 2025."}, {"id": "1672", "ano": "2025", "numero": "29", "tipo__sigla": "Req", "tipo__descricao": "REQUERIMENTO", "autoria": "Thiago Siqueira Marques", "texto_original": "http://sapl.delfimmoreira.mg.leg.br/media/sapl/public/materialegislativa/2025/1672/requerimento_no_029-2025_thiago_leilao_de_veiculos.pdf", "ementa": "Solicitar informa\u00e7\u00f5es sobre a previs\u00e3o para a realiza\u00e7\u00e3o de um leil\u00e3o dos ve\u00edculos inserv\u00edveis pertencentes ao patrim\u00f4nio municipal."}, {"id": "1673", "ano": "2025", "numero": "30", "tipo__sigla": "Req", "tipo__descricao": "REQUERIMENTO", "autoria": "Thiago Siqueira Marques", "texto_original": "http://sapl.delfimmoreira.mg.leg.br/media/sapl/public/materialegislativa/2025/1673/requerimento_no_030-2025_thiago_fiat_touro.pdf", "ementa": "Solicitar informa\u00e7\u00f5es sobre o ve\u00edculo Fiat Touro pertencente ao munic\u00edpio."}, {"id": "1674", "ano": "2025", "numero": "31", "tipo__sigla": "Req", "tipo__descricao": "REQUERIMENTO", "autoria": "Mateus de Carvalho Ribeiro", "texto_original": "http://sapl.delfimmoreira.mg.leg.br/media/sapl/public/materialegislativa/2025/1674/requerimento_no_031-2025_mateus_-_atuacao_defesa_civil.pdf", "ementa": "Solicitar:\r\n Melhoria na atua\u00e7\u00e3o da Defesa Civil do munic\u00edpio;\r\n Direcionamento de um cargo espec\u00edfico para atuar na preven\u00e7\u00e3o e solu\u00e7\u00e3o das demandas;"}, {"id": "1678", "ano": "2025", "numero": "32", "tipo__sigla": "Req", "tipo__descricao": "REQUERIMENTO", "autoria": "Jucemar Paulo dos Santos", "texto_original": "http://sapl.delfimmoreira.mg.leg.br/media/sapl/public/materialegislativa/2025/1678/requerimento_no_032-2025_jucemar_extensao_rede.pdf", "ementa": "Solicitar informa\u00e7\u00f5es acerca da previs\u00e3o para a extens\u00e3o da rede de energia el\u00e9trica"}, {"id": "1679", "ano": "2025", "numero": "33", "tipo__sigla": "Req", "tipo__descricao": "REQUERIMENTO", "autoria": "Stella Cristina Cortez", "texto_original": "http://sapl.delfimmoreira.mg.leg.br/media/sapl/public/materialegislativa/2025/1679/requerimento_no_033-2025_stella_par.pdf", "ementa": "requerer informa\u00e7\u00f5es acerca da atual situa\u00e7\u00e3o do Plano de A\u00e7\u00f5es Articuladas (PAR) do nosso munic\u00edpio."}, {"id": "1680", "ano": "2025", "numero": "34", "tipo__sigla": "Req", "tipo__descricao": "REQUERIMENTO", "autoria": "Stella Cristina Cortez", "texto_original": "http://sapl.delfimmoreira.mg.leg.br/media/sapl/public/materialegislativa/2025/1680/requerimento_no_034-2025_stella_pac.pdf", "ementa": "requerer informa\u00e7\u00f5es sobre a ades\u00e3o do Munic\u00edpio de Delfim Moreira ao Novo Programa de Acelera\u00e7\u00e3o do Crescimento (PAC), considerando sua relev\u00e2ncia para o desenvolvimento da infraestrutura local."}, {"id": "1681", "ano": "2025", "numero": "35", "tipo__sigla": "Req", "tipo__descricao": "REQUERIMENTO", "autoria": "Thiago Siqueira Marques", "texto_original": "http://sapl.delfimmoreira.mg.leg.br/media/sapl/public/materialegislativa/2025/1681/requerimento_no_035-2025_thiago_turismo_carnaval.pdf", "ementa": "solicitar informa\u00e7\u00f5es sobre a revoga\u00e7\u00e3o do Processo Licitat\u00f3rio n\u00ba 14/2025 - Preg\u00e3o Eletr\u00f4nico n\u00ba 04/2025"}, {"id": "1682", "ano": "2025", "numero": "36", "tipo__sigla": "Req", "tipo__descricao": "REQUERIMENTO", "autoria": "Stella Cristina Cortez", "texto_original": "http://sapl.delfimmoreira.mg.leg.br/media/sapl/public/materialegislativa/2025/1682/requerimento_no_036-2025_stella_fiscal_municipal.pdf", "ementa": "esclarecimentos sobre as atribui\u00e7\u00f5es espec\u00edficas da fun\u00e7\u00e3o, os setores nos quais o fiscal atuar\u00e1 e quais ser\u00e3o suas principais responsabilidades dentro da administra\u00e7\u00e3o municipal."}, {"id": "1683", "ano": "2025", "numero": "37", "tipo__sigla": "Req", "tipo__descricao": "REQUERIMENTO", "autoria": "Mateus de Carvalho Ribeiro", "texto_original": "http://sapl.delfimmoreira.mg.leg.br/media/sapl/public/materialegislativa/2025/1683/requerimento_no_037-2025_mateus_-_plano_diretor.pdf", "ementa": "Solicitar a elabora\u00e7\u00e3o e implementa\u00e7\u00e3o de um Plano Diretor para o munic\u00edpio."}, {"id": "1717", "ano": "2025", "numero": "38", "tipo__sigla": "Req", "tipo__descricao": "REQUERIMENTO", "autoria": "Stella Cristina Cortez", "texto_original": "http://sapl.delfimmoreira.mg.leg.br/media/sapl/public/materialegislativa/2025/1717/requerimento_no_038-2025_obras_caquende.pdf", "ementa": "obter esclarecimentos quanto ao afastamento exigido para a constru\u00e7\u00e3o, incluindo a dist\u00e2ncia m\u00ednima entre a edifica\u00e7\u00e3o e a via p\u00fablica. Pe\u00e7o, portanto, detalhes sobre o cumprimento dessas diretrizes na referida obra."}, {"id": "1718", "ano": "2025", "numero": "39", "tipo__sigla": "Req", "tipo__descricao": "REQUERIMENTO", "autoria": "Mateus de Carvalho Ribeiro", "texto_original": "http://sapl.delfimmoreira.mg.leg.br/media/sapl/public/materialegislativa/2025/1718/requerimento_no_039-2025__-_mateus_-_sec_turismo_-_museu_municipal.pdf", "ementa": "solicitar a viabilidade para a cria\u00e7\u00e3o de um Museu Municipal em Delfim Moreira-MG:"}, {"id": "1719", "ano": "2025", "numero": "40", "tipo__sigla": "Req", "tipo__descricao": "REQUERIMENTO", "autoria": "Mateus de Carvalho Ribeiro", "texto_original": "http://sapl.delfimmoreira.mg.leg.br/media/sapl/public/materialegislativa/2025/1719/requerimento_no_040-2025_heder_-_solcita_informacoes_casas.pdf", "ementa": "solicitar informa\u00e7\u00f5es atualizadas acerca do andamento das escrituras das casas do loteamento S\u00e3o Jos\u00e9, localizado em nosso munic\u00edpio."}, {"id": "1720", "ano": "2025", "numero": "41", "tipo__sigla": "Req", "tipo__descricao": "REQUERIMENTO", "autoria": "H\u00e9der Alexandre Ribeiro Caminha, Thiago Siqueira Marques", "texto_original": "http://sapl.delfimmoreira.mg.leg.br/media/sapl/public/materialegislativa/2025/1720/requerimento_no_041-2025_heder__e_thiago_-erosao.docx", "ementa": "informa\u00e7\u00f5es a respeito das medidas que est\u00e3o sendo tomadas em rela\u00e7\u00e3o \u00e0 eros\u00e3o que vem ocorrendo na Rua Cl\u00e1udio Benedito de Freitas, especificamente na propriedade da senhora Fernanda Alkimin."}, {"id": "1721", "ano": "2025", "numero": "42", "tipo__sigla": "Req", "tipo__descricao": "REQUERIMENTO", "autoria": "Jos\u00e9 Carlos Rodrigues, Sebasti\u00e3o dos Santos Fortes Vieira", "texto_original": "http://sapl.delfimmoreira.mg.leg.br/media/sapl/public/materialegislativa/2025/1721/requerimento_no_042-2025_zeze_e_sebastiao.pdf", "ementa": "solicitar a aten\u00e7\u00e3o da Secretaria de Sa\u00fade quanto \u00e0 manuten\u00e7\u00e3o da ambul\u00e2ncia e o servi\u00e7o de atendimento durante os jogos realizados em nosso munic\u00edpio."}, {"id": "1722", "ano": "2025", "numero": "43", "tipo__sigla": "Req", "tipo__descricao": "REQUERIMENTO", "autoria": "H\u00e9der Alexandre Ribeiro Caminha, Sebasti\u00e3o dos Santos Fortes Vieira", "texto_original": "http://sapl.delfimmoreira.mg.leg.br/media/sapl/public/materialegislativa/2025/1722/requerimento_no_043-2025_heder__e_sebastiao_-_alagamento_santa_luzia.pdf", "ementa": "solicitar informa\u00e7\u00f5es a respeito das medidas que est\u00e3o sendo tomadas em rela\u00e7\u00e3o aos alagamentos ocorridos no bairro Santa Luzia em dias com fortes chuvas."}, {"id": "1723", "ano": "2025", "numero": "44", "tipo__sigla": "Req", "tipo__descricao": "REQUERIMENTO", "autoria": "Stella Cristina Cortez", "texto_original": "http://sapl.delfimmoreira.mg.leg.br/media/sapl/public/materialegislativa/2025/1723/requerimento_no_044-2025_stella_servico_divulgacao.pdf", "ementa": "Informa\u00e7\u00f5es quanto ao Processo de Dispensa de Licita\u00e7\u00e3o N\u00ba 046/2025, do qual contrata empresa para presta\u00e7\u00e3o de servi\u00e7o de produ\u00e7\u00e3o audiovisual e divulga\u00e7\u00e3o do evento: 8\u00aa Festa do marmelo e 3\u00ba Festival Gastron\u00f4mico do Pinh\u00e3o. \r\n\tConsiderando que existe um servidor na Prefeitura Municipal respons\u00e1vel pelo servi\u00e7o de divulga\u00e7\u00e3o e audiovisual, qual a justificativa para a execu\u00e7\u00e3o de tal processo?"}, {"id": "1724", "ano": "2025", "numero": "45", "tipo__sigla": "Req", "tipo__descricao": "REQUERIMENTO", "autoria": "Ant\u00f4nio Luciano da Silva", "texto_original": "http://sapl.delfimmoreira.mg.leg.br/media/sapl/public/materialegislativa/2025/1724/requerimento_no_045-2025_antonio_-_defesa_civil.pdf", "ementa": "sejam fornecidas as seguintes informa\u00e7\u00f5es referentes \u00e0 Defesa Civil do munic\u00edpio de Delfim Moreira:\r\n1.\tQuem \u00e9 o atual membro respons\u00e1vel pela Defesa Civil no munic\u00edpio?\r\n2.\tQuem ocupa o cargo de gerente da Defesa Civil?\r\n3.\tQuais s\u00e3o as fun\u00e7\u00f5es e atribui\u00e7\u00f5es desses respons\u00e1veis dentro do munic\u00edpio?"}, {"id": "1725", "ano": "2025", "numero": "46", "tipo__sigla": "Req", "tipo__descricao": "REQUERIMENTO", "autoria": "Thiago Siqueira Marques, Ant\u00f4nio Luciano da Silva, H\u00e9der Alexandre Ribeiro Caminha, Mateus de Carvalho Ribeiro", "texto_original": "http://sapl.delfimmoreira.mg.leg.br/media/sapl/public/materialegislativa/2025/1725/requerimento_no_046-2025__-_pombo_poliesportivo.pdf", "ementa": "solicita-se que a Secretaria informe:\r\n1.\tQuais a\u00e7\u00f5es j\u00e1 foram tomadas para resolver a situa\u00e7\u00e3o ou est\u00e3o sendo planejadas para afastar os pombos do local?\r\n2.\tH\u00e1 previs\u00e3o para a instala\u00e7\u00e3o de algum tipo de barreira?\r\n3.\tEst\u00e1 sendo realizada alguma orienta\u00e7\u00e3o para quem utiliza o espa\u00e7o?"}, {"id": "1726", "ano": "2025", "numero": "47", "tipo__sigla": "Req", "tipo__descricao": "REQUERIMENTO", "autoria": "Ant\u00f4nio Luciano da Silva, H\u00e9der Alexandre Ribeiro Caminha, Jucemar Paulo dos Santos, Mateus de Carvalho Ribeiro", "texto_original": "http://sapl.delfimmoreira.mg.leg.br/media/sapl/public/materialegislativa/2025/1726/requerimento_no_047-2025_mateus_jucemar_tonho_heder_-_estacao_caindo.pdf", "ementa": "solicitar informa\u00e7\u00f5es a respeito das medidas que est\u00e3o sendo tomadas quanto \u00e0 reforma e restaura\u00e7\u00e3o do pr\u00e9dio da Esta\u00e7\u00e3o \u2013 sede da Secretaria de Turismo, Cultura, Esporte e Lazer."}, {"id": "1727", "ano": "2025", "numero": "48", "tipo__sigla": "Req", "tipo__descricao": "REQUERIMENTO", "autoria": "Jucemar Paulo dos Santos, Mateus de Carvalho Ribeiro", "texto_original": "http://sapl.delfimmoreira.mg.leg.br/media/", "ementa": "solicitar informa\u00e7\u00f5es a respeito da Constante falta de \u00e1gua no bairro da Barreira"}, {"id": "1830", "ano": "2025", "numero": "49", "tipo__sigla": "Req", "tipo__descricao": "REQUERIMENTO", "autoria": "Ant\u00f4nio Luciano da Silva, H\u00e9der Alexandre Ribeiro Caminha, Jucemar Paulo dos Santos, Mateus de Carvalho Ribeiro, Stella Cristina Cortez", "texto_original": "http://sapl.delfimmoreira.mg.leg.br/media/", "ementa": "requerermos informa\u00e7\u00f5es quanto ao andamento do Projeto para ampliar o atendimento m\u00e9dico no bairro da Barreira?"}, {"id": "1831", "ano": "2025", "numero": "50", "tipo__sigla": "Req", "tipo__descricao": "REQUERIMENTO", "autoria": "Mateus de Carvalho Ribeiro", "texto_original": "http://sapl.delfimmoreira.mg.leg.br/media/sapl/public/materialegislativa/2025/1831/requerimento_no_050-2025_mateus_agua_bigua.pdf", "ementa": "solicitar a probabilidade de instala\u00e7\u00e3o de uma caixa d\u2019\u00e1gua no Bairro do Bigu\u00e1, bem como a garantia do tratamento adequado da \u00e1gua disponibilizada \u00e0 popula\u00e7\u00e3o local."}, {"id": "1832", "ano": "2025", "numero": "51", "tipo__sigla": "Req", "tipo__descricao": "REQUERIMENTO", "autoria": "Thiago Siqueira Marques", "texto_original": "http://sapl.delfimmoreira.mg.leg.br/media/sapl/public/materialegislativa/2025/1832/requerimento_no_051-2025_animais_grande_porte.pdf", "ementa": "que disp\u00f5e sobre a regulamenta\u00e7\u00e3o de medidas referentes \u00e0 perman\u00eancia de animais de m\u00e9dio e grande porte soltos em vias p\u00fablicas urbanas, logradouros ou em locais de livre acesso \u00e0 popula\u00e7\u00e3o."}, {"id": "1833", "ano": "2025", "numero": "52", "tipo__sigla": "Req", "tipo__descricao": "REQUERIMENTO", "autoria": "", "texto_original": "http://sapl.delfimmoreira.mg.leg.br/media/sapl/public/materialegislativa/2025/1833/requerimento_no_052-2025_stella_rua_cemiterio.pdf", "ementa": "Soliciar informa\u00e7\u00f5es detalhadas a respeito da interven\u00e7\u00e3o realizada na rua que d\u00e1 acesso ao cemit\u00e9rio municipal, conforme foto anexa."}, {"id": "1834", "ano": "2025", "numero": "53", "tipo__sigla": "Req", "tipo__descricao": "REQUERIMENTO", "autoria": "Mateus de Carvalho Ribeiro", "texto_original": "http://sapl.delfimmoreira.mg.leg.br/media/sapl/public/materialegislativa/2025/1834/requerimento_no_053-2025_mateus_-_aquisicao_campo_rosario.pdf", "ementa": "solicitar uma reuni\u00e3o da Secretaria de Turismo, Cultura, Esporte e Lazer, juntamente com a comunidade do bairro do Ros\u00e1rio e o propriet\u00e1rio do campo de futebol do bairro, com o objetivo de dialogar sobre a possibilidade de aquisi\u00e7\u00e3o do referido espa\u00e7o pela Prefeitura Municipal."}, {"id": "1877", "ano": "2025", "numero": "54", "tipo__sigla": "Req", "tipo__descricao": "REQUERIMENTO", "autoria": "Ant\u00f4nio Luciano da Silva, H\u00e9der Alexandre Ribeiro Caminha, Jos\u00e9 Carlos Rodrigues, Jucemar Paulo dos Santos, Mateus de Carvalho Ribeiro, Reinaldo S\u00e1vio Ribeiro, Sebasti\u00e3o dos Santos Fortes Vieira, Stella Cristina Cortez, Thiago Siqueira Marques", "texto_original": "http://sapl.delfimmoreira.mg.leg.br/media/sapl/public/materialegislativa/2025/1877/requerimento_no_054-2025_thiago_-_ponte_da_peixe.pdf", "ementa": "solicito esclarecimentos quanto aos seguintes pontos:\r\n1.\tPrevis\u00e3o de conclus\u00e3o da obra;\r\n2.\tMotivos da paralisa\u00e7\u00e3o da obra, caso exista algum entrave t\u00e9cnico, jur\u00eddico, financeiro ou outro;\r\n3.\tC\u00f3pias de documentos relacionados \u00e0 obra, tais como:"}, {"id": "1878", "ano": "2025", "numero": "55", "tipo__sigla": "Req", "tipo__descricao": "REQUERIMENTO", "autoria": "Ant\u00f4nio Luciano da Silva, H\u00e9der Alexandre Ribeiro Caminha, Stella Cristina Cortez, Thiago Siqueira Marques", "texto_original": "http://sapl.delfimmoreira.mg.leg.br/media/sapl/public/materialegislativa/2025/1878/requerimento_no_055-2025_thiago_-reforma_posto_de_saude.pdf", "ementa": "solicitar as seguintes informa\u00e7\u00f5es:\r\n1.\tComo est\u00e1 o andamento da reforma dos postos de sa\u00fade?\r\n2.\tAs obras de reforma dos postos de sa\u00fade do munic\u00edpio encontram-se paralisadas?\r\n\tEm caso afirmativo, quais os motivos que levaram \u00e0 paralisa\u00e7\u00e3o?\r\n3.\tQual \u00e9 a previs\u00e3o para a conclus\u00e3o das referidas reformas?"}, {"id": "1879", "ano": "2025", "numero": "56", "tipo__sigla": "Req", "tipo__descricao": "REQUERIMENTO", "autoria": "Stella Cristina Cortez", "texto_original": "http://sapl.delfimmoreira.mg.leg.br/media/sapl/public/materialegislativa/2025/1879/requerimento_no_056-2025_stella_processo_licitatorio.pdf", "ementa": "solicitar que toda abertura de procedimentos licitat\u00f3rios promovidos por esta Administra\u00e7\u00e3o Municipal seja, al\u00e9m de publicada no Portal da Transpar\u00eancia, tamb\u00e9m formalmente comunicada ao Poder Legislativo."}, {"id": "1880", "ano": "2025", "numero": "57", "tipo__sigla": "Req", "tipo__descricao": "REQUERIMENTO", "autoria": "Stella Cristina Cortez", "texto_original": "http://sapl.delfimmoreira.mg.leg.br/media/sapl/public/materialegislativa/2025/1880/requerimento_no_057-2025_stella__animais_de_medio_e_grande_porte.pdf", "ementa": "solicitar melhores esclarecimentos com rela\u00e7\u00e3o ao Of\u00edcio SAPEMA n.\u00ba 26/2025, encaminhado como resposta \u00e0 Casa Legislativa em 25 de Abril de 2025."}, {"id": "1881", "ano": "2025", "numero": "58", "tipo__sigla": "Req", "tipo__descricao": "REQUERIMENTO", "autoria": "Mateus de Carvalho Ribeiro", "texto_original": "http://sapl.delfimmoreira.mg.leg.br/media/sapl/public/materialegislativa/2025/1881/requerimento_no_058-2025_mateus_placas_turismo.pdf", "ementa": "solicitar um levantamento completo das placas de sinaliza\u00e7\u00e3o tur\u00edstica instaladas em nosso munic\u00edpio, incluindo sua localiza\u00e7\u00e3o, estado de conserva\u00e7\u00e3o e funcionalidade."}, {"id": "1882", "ano": "2025", "numero": "59", "tipo__sigla": "Req", "tipo__descricao": "REQUERIMENTO", "autoria": "Mateus de Carvalho Ribeiro", "texto_original": "http://sapl.delfimmoreira.mg.leg.br/media/sapl/public/materialegislativa/2025/1882/requerimento_no_059-2025_mateus_fumpac_turismo.pdf", "ementa": "solicitar o extrato com as devidas movimenta\u00e7\u00f5es do Fundo Municipal de Prote\u00e7\u00e3o ao Patrim\u00f4nio Cultural (FUMPAC) \u2013 Departamento de Cultura, referentes aos anos de 2024 e 2025."}, {"id": "1883", "ano": "2025", "numero": "60", "tipo__sigla": "Req", "tipo__descricao": "REQUERIMENTO", "autoria": "Ant\u00f4nio Luciano da Silva, H\u00e9der Alexandre Ribeiro Caminha, Jos\u00e9 Carlos Rodrigues, Jucemar Paulo dos Santos, Mateus de Carvalho Ribeiro, Reinaldo S\u00e1vio Ribeiro, Sebasti\u00e3o dos Santos Fortes Vieira, Stella Cristina Cortez, Thiago Siqueira Marques", "texto_original": "http://sapl.delfimmoreira.mg.leg.br/media/sapl/public/materialegislativa/2025/1883/requerimento_no_060-2025_todos_alimento_nao_perecivel.pdf", "ementa": "que seja inclu\u00edda na programa\u00e7\u00e3o da Exposi\u00e7\u00e3o Agropecu\u00e1ria de Delfim Moreira, a arrecada\u00e7\u00e3o de alimentos n\u00e3o perec\u00edveis junto ao p\u00fablico participante do evento."}, {"id": "1884", "ano": "2025", "numero": "61", "tipo__sigla": "Req", "tipo__descricao": "REQUERIMENTO", "autoria": "Sebasti\u00e3o dos Santos Fortes Vieira", "texto_original": "http://sapl.delfimmoreira.mg.leg.br/media/sapl/public/materialegislativa/2025/1884/requerimento_no_061-2025_sebastiao_tapa_buracos_centro_delfim_moreira.pdf", "ementa": "solicitar a realiza\u00e7\u00e3o de uma opera\u00e7\u00e3o tapa-buracos nas vias do centro de Delfim Moreira, com o objetivo de garantir a seguran\u00e7a e a fluidez do tr\u00e1fego local."}, {"id": "1885", "ano": "2025", "numero": "62", "tipo__sigla": "Req", "tipo__descricao": "REQUERIMENTO", "autoria": "Sebasti\u00e3o dos Santos Fortes Vieira", "texto_original": "http://sapl.delfimmoreira.mg.leg.br/media/sapl/public/materialegislativa/2025/1885/requerimento_no_062-2025_sebastiao_motos_matriz.pdf", "ementa": "solicitar estudos quanto a demarca\u00e7\u00e3o e sinaliza\u00e7\u00e3o de \u00e1reas espec\u00edficas e exclusivas para estacionamento de motocicletas nas imedia\u00e7\u00f5es da  Igreja Matriz Nossa Senhora da Soledade, de forma a garantir melhor organiza\u00e7\u00e3o do tr\u00e1fego e mais comodidade aos frequentadores da igreja e demais usu\u00e1rios das vias p\u00fablicas locais"}, {"id": "1886", "ano": "2025", "numero": "63", "tipo__sigla": "Req", "tipo__descricao": "REQUERIMENTO", "autoria": "Stella Cristina Cortez", "texto_original": "http://sapl.delfimmoreira.mg.leg.br/media/sapl/public/materialegislativa/2025/1886/requerimento_no_063-2025_stella__valeta_ceu_aberto-caquende.pdf", "ementa": "Solicitar a verifica\u00e7\u00e3o e provid\u00eancias quanto uma valeta a c\u00e9u aberto, recentemente aberta no bairro Caquende."}, {"id": "1887", "ano": "2025", "numero": "64", "tipo__sigla": "Req", "tipo__descricao": "REQUERIMENTO", "autoria": "H\u00e9der Alexandre Ribeiro Caminha", "texto_original": "http://sapl.delfimmoreira.mg.leg.br/media/sapl/public/materialegislativa/2025/1887/requerimento_no_064-2025_heder__-calcamento_ao_lado_filomena.pdf", "ementa": "vem respeitosamente perante V.Sa. requerer informa\u00e7\u00f5es sobre a previs\u00e3o para a execu\u00e7\u00e3o do cal\u00e7amento da Rua Manoel Benedito Alves, localizada ao lado da Escola Municipal Filomena Peixoto Faria."}, {"id": "1888", "ano": "2025", "numero": "65", "tipo__sigla": "Req", "tipo__descricao": "REQUERIMENTO", "autoria": "Ant\u00f4nio Luciano da Silva, H\u00e9der Alexandre Ribeiro Caminha, Jos\u00e9 Carlos Rodrigues, Jucemar Paulo dos Santos, Mateus de Carvalho Ribeiro, Reinaldo S\u00e1vio Ribeiro, Sebasti\u00e3o dos Santos Fortes Vieira, Stella Cristina Cortez, Thiago Siqueira Marques", "texto_original": "http://sapl.delfimmoreira.mg.leg.br/media/sapl/public/materialegislativa/2025/1888/requerimento_no_065-2025_antonio_-empresa_troca_lampada_queimada.pdf", "ementa": "vem respeitosamente perante V.Sa.  Requerer informa\u00e7\u00f5es e documenta\u00e7\u00f5es referentes \u00e0 empresa respons\u00e1vel pela troca de l\u00e2mpadas queimadas no munic\u00edpio."}, {"id": "1889", "ano": "2025", "numero": "66", "tipo__sigla": "Req", "tipo__descricao": "REQUERIMENTO", "autoria": "Ant\u00f4nio Luciano da Silva, H\u00e9der Alexandre Ribeiro Caminha, Stella Cristina Cortez, Thiago Siqueira Marques", "texto_original": "http://sapl.delfimmoreira.mg.leg.br/media/sapl/public/materialegislativa/2025/1889/requerimento_no_066-2025_thiago_-conselho_de_saude.pdf", "ementa": "solicitar as seguintes informa\u00e7\u00f5es referentes ao Conselho Municipal de Sa\u00fade de Delfim Moreira:\r\n1.\tRela\u00e7\u00e3o atualizada dos membros que comp\u00f5em o Conselho, com a respectiva fun\u00e7\u00e3o/cargo que cada um ocupa;\r\n2.\tInforma\u00e7\u00f5es sobre o local, datas e periodicidade das reuni\u00f5es realizadas pelo Conselho;\r\n3.\tC\u00f3pias das atas das reuni\u00f5es ocorridas desde janeiro at\u00e9 a presente data."}, {"id": "1890", "ano": "2025", "numero": "67", "tipo__sigla": "Req", "tipo__descricao": "REQUERIMENTO", "autoria": "Ant\u00f4nio Luciano da Silva, H\u00e9der Alexandre Ribeiro Caminha, Jos\u00e9 Carlos Rodrigues, Jucemar Paulo dos Santos, Mateus de Carvalho Ribeiro, Reinaldo S\u00e1vio Ribeiro, Sebasti\u00e3o dos Santos Fortes Vieira, Stella Cristina Cortez, Thiago Siqueira Marques", "texto_original": "http://sapl.delfimmoreira.mg.leg.br/media/sapl/public/materialegislativa/2025/1890/requerimento_no_067-2025_heder__-_qualidade_agua.pdf", "ementa": "informa\u00e7\u00f5es oficiais da Secretaria Municipal de Sa\u00fade a respeito das an\u00e1lises da qualidade da \u00e1gua realizadas no m\u00eas de abril de 2025, cujos resultados foram classificados como insatisfat\u00f3rios."}, {"id": "1891", "ano": "2025", "numero": "68", "tipo__sigla": "Req", "tipo__descricao": "REQUERIMENTO", "autoria": "Ant\u00f4nio Luciano da Silva, H\u00e9der Alexandre Ribeiro Caminha, Jos\u00e9 Carlos Rodrigues, Jucemar Paulo dos Santos, Mateus de Carvalho Ribeiro, Reinaldo S\u00e1vio Ribeiro, Sebasti\u00e3o dos Santos Fortes Vieira, Stella Cristina Cortez, Thiago Siqueira Marques", "texto_original": "http://sapl.delfimmoreira.mg.leg.br/media/sapl/public/materialegislativa/2025/1891/requerimento_no_068-2025_todos___-_wifi_na_saude.pdf", "ementa": "requerer informa\u00e7\u00f5es da falta de acesso \u00e0 rede Wi-Fi para os usu\u00e1rios da Unidade B\u00e1sica de Sa\u00fade (UBS) localizada no Centro de nosso munic\u00edpio."}, {"id": "1892", "ano": "2025", "numero": "69", "tipo__sigla": "Req", "tipo__descricao": "REQUERIMENTO", "autoria": "H\u00e9der Alexandre Ribeiro Caminha, Mateus de Carvalho Ribeiro, Stella Cristina Cortez", "texto_original": "http://sapl.delfimmoreira.mg.leg.br/media/sapl/public/materialegislativa/2025/1892/requerimento_no_069-2025_heder_mateus_stella__-_criacao_dotacao.pdf", "ementa": "informa\u00e7\u00f5es detalhadas sobre o andamento da cria\u00e7\u00e3o de dota\u00e7\u00e3o or\u00e7ament\u00e1ria espec\u00edfica para a destina\u00e7\u00e3o de emendas impositivas/parlamentares  \u00e0s Associa\u00e7\u00f5es legalmente constitu\u00eddas em nosso munic\u00edpio."}, {"id": "1893", "ano": "2025", "numero": "70", "tipo__sigla": "Req", "tipo__descricao": "REQUERIMENTO", "autoria": "Mateus de Carvalho Ribeiro", "texto_original": "http://sapl.delfimmoreira.mg.leg.br/media/sapl/public/materialegislativa/2025/1893/requerimento_no_070-2025_mateus-_maquina_de_bloquete.pdf", "ementa": "solicitar esclarecimentos sobre impedimento para aquisi\u00e7\u00e3o de m\u00e1quina de bloquete para nosso Munic\u00edpio."}, {"id": "1894", "ano": "2025", "numero": "71", "tipo__sigla": "Req", "tipo__descricao": "REQUERIMENTO", "autoria": "Ant\u00f4nio Luciano da Silva, H\u00e9der Alexandre Ribeiro Caminha, Stella Cristina Cortez", "texto_original": "http://sapl.delfimmoreira.mg.leg.br/media/sapl/public/materialegislativa/2025/1894/requerimento_no_071-2025_c_saude-_marcacao_exames.pdf", "ementa": ". requerer as seguintes informa\u00e7\u00f5es a respeito do setor de marca\u00e7\u00e3o de exames e consultas com especialistas em nosso munic\u00edpio:"}, {"id": "1895", "ano": "2025", "numero": "72", "tipo__sigla": "Req", "tipo__descricao": "REQUERIMENTO", "autoria": "H\u00e9der Alexandre Ribeiro Caminha, Jos\u00e9 Carlos Rodrigues, Sebasti\u00e3o dos Santos Fortes Vieira", "texto_original": "http://sapl.delfimmoreira.mg.leg.br/media/sapl/public/materialegislativa/2025/1895/requerimento_no_072-2025_heder-_quadra_tio_carmelo.pdf", "ementa": "seja providenciada a abertura dos banheiros da quadra poliesportiva \u201cTio Carmelo\u201d aos finais de semana, especialmente nos dias em que ocorrem jogos e eventos esportivos."}, {"id": "1896", "ano": "2025", "numero": "73", "tipo__sigla": "Req", "tipo__descricao": "REQUERIMENTO", "autoria": "Ant\u00f4nio Luciano da Silva, H\u00e9der Alexandre Ribeiro Caminha, Stella Cristina Cortez", "texto_original": "http://sapl.delfimmoreira.mg.leg.br/media/sapl/public/materialegislativa/2025/1896/requerimento_no_073-2025_antonio_-_frotas_saude.pdf", "ementa": "vem respeitosamente perante V.Sa. requerer que seja providenciada informa\u00e7\u00f5es detalhadas sobre a frota de ve\u00edculos da Secretaria Municipal de Sa\u00fade, conforme segue:"}, {"id": "1897", "ano": "2025", "numero": "74", "tipo__sigla": "Req", "tipo__descricao": "REQUERIMENTO", "autoria": "H\u00e9der Alexandre Ribeiro Caminha, Mateus de Carvalho Ribeiro", "texto_original": "http://sapl.delfimmoreira.mg.leg.br/media/", "ementa": "informa\u00e7\u00f5es atualizadas acerca do andamento das escrituras das casas do loteamento S\u00e3o Jos\u00e9, localizado em nosso munic\u00edpio."}, {"id": "1898", "ano": "2025", "numero": "75", "tipo__sigla": "Req", "tipo__descricao": "REQUERIMENTO", "autoria": "Ant\u00f4nio Luciano da Silva, H\u00e9der Alexandre Ribeiro Caminha, Stella Cristina Cortez", "texto_original": "http://sapl.delfimmoreira.mg.leg.br/media/sapl/public/materialegislativa/2025/1898/requerimento_no_075-2025_stella-_solcita_informacoes__cismas.pdf", "ementa": "um relat\u00f3rio completo (planilhas) contendo os dados referentes \u00e0s consultas e exames protocolados nos anos de 2024 e 2025 na Secretaria Municipal de Sa\u00fade, juntamente com um relat\u00f3rio de dados do CISMAS (Cons\u00f3rcio Intermunicipal de Sa\u00fade) no mesmo per\u00edodo, vinculados ao munic\u00edpio de Delfim Moreira-MG"}, {"id": "1899", "ano": "2025", "numero": "76", "tipo__sigla": "Req", "tipo__descricao": "REQUERIMENTO", "autoria": "Ant\u00f4nio Luciano da Silva, H\u00e9der Alexandre Ribeiro Caminha, Stella Cristina Cortez, Thiago Siqueira Marques", "texto_original": "http://sapl.delfimmoreira.mg.leg.br/media/sapl/public/materialegislativa/2025/1899/requerimento_no_076-2025_c_saude-_relacao_atendimento_medicos.pdf", "ementa": "requerer a rela\u00e7\u00e3o de atendimentos m\u00e9dicos presenciais realizados pelas equipes de Estrat\u00e9gia Sa\u00fade da Fam\u00edlia nos \u00faltimos 90 (noventa) dias, com os seguintes dados:\r\n\u2022\tQuantitativo de consultas m\u00e9dicas presenciais por \u00e1rea de atua\u00e7\u00e3o dos Agentes Comunit\u00e1rios de Sa\u00fade (ACS);"}, {"id": "1900", "ano": "2025", "numero": "77", "tipo__sigla": "Req", "tipo__descricao": "REQUERIMENTO", "autoria": "H\u00e9der Alexandre Ribeiro Caminha", "texto_original": "http://sapl.delfimmoreira.mg.leg.br/media/sapl/public/materialegislativa/2025/1900/requerimento_no_077-2025_obras-_iluminacao_rua_claudio_benedito.pdf", "ementa": "\u2022\tDe momento, existe algum projeto para a ilumina\u00e7\u00e3o na rua Cl\u00e1udio Benedito de Freitas, pr\u00f3ximo ao \u201cretiro do D\u00e9."}, {"id": "1901", "ano": "2025", "numero": "78", "tipo__sigla": "Req", "tipo__descricao": "REQUERIMENTO", "autoria": "Mateus de Carvalho Ribeiro", "texto_original": "http://sapl.delfimmoreira.mg.leg.br/media/", "ementa": "solicita informa\u00e7\u00f5es  a seguir:\r\n\u2022\tExiste algum estudo ou projeto em andamento para melhorar o acesso ao antigo t\u00fanel do Barreirinho, bem como a possibilidade de aquisi\u00e7\u00e3o do terreno onde est\u00e1 localizado, considerando seu valor hist\u00f3rico e tur\u00edstico para o munic\u00edpio?\r\n\u2022\tA Prefeitura possui algum plano ou a\u00e7\u00e3o voltada \u00e0 preserva\u00e7\u00e3o dos pontilh\u00f5es hist\u00f3ricos existentes no munic\u00edpio, incluindo a avalia\u00e7\u00e3o de suas condi\u00e7\u00f5es estruturais e medidas de conserva\u00e7\u00e3o?"}, {"id": "1959", "ano": "2025", "numero": "79", "tipo__sigla": "Req", "tipo__descricao": "REQUERIMENTO", "autoria": "Ant\u00f4nio Luciano da Silva, Thiago Siqueira Marques", "texto_original": "http://sapl.delfimmoreira.mg.leg.br/media/sapl/public/materialegislativa/2025/1959/requerimento_no_079-2025_obras_-_prestacao_de_contas_barreirinho.pdf", "ementa": "\u2022\tPresta\u00e7\u00e3o de contas de todos os valores gastos nas obras de cal\u00e7amento na Esta\u00e7\u00e3o do bairro Bigu\u00e1 e no bairro Barreirinho."}, {"id": "1960", "ano": "2025", "numero": "80", "tipo__sigla": "Req", "tipo__descricao": "REQUERIMENTO", "autoria": "H\u00e9der Alexandre Ribeiro Caminha, Mateus de Carvalho Ribeiro", "texto_original": "http://sapl.delfimmoreira.mg.leg.br/media/sapl/public/materialegislativa/2025/1960/requerimento_no_080-2025_saude_-_solicita_informacoes_postsos_de_saude.pdf", "ementa": "Em conformidade com a INDICA\u00c7\u00c3O N\u00ba 006/2025, de 13 de janeiro de 2025, de autoria do vereador Mateus de Carvalho Ribeiro, solicitamos informa\u00e7\u00f5es complementares quanto a situa\u00e7\u00e3o da Unidade de Sa\u00fade do Bairro S\u00e3o Bernardo, tendo em vista as condi\u00e7\u00f5es estruturais prec\u00e1rias do local.\r\n H\u00e1 previs\u00e3o or\u00e7ament\u00e1ria, planejamento t\u00e9cnico ou cronograma para a reforma da estrutura f\u00edsica da referida unidade? Em caso positivo, qual o prazo previsto para in\u00edcio e conclus\u00e3o das obras?"}, {"id": "1961", "ano": "2025", "numero": "81", "tipo__sigla": "Req", "tipo__descricao": "REQUERIMENTO", "autoria": "Mateus de Carvalho Ribeiro, Thiago Siqueira Marques", "texto_original": "http://sapl.delfimmoreira.mg.leg.br/media/sapl/public/materialegislativa/2025/1961/requerimento_no_081-2025_mateus-_thiago_obra_calcamento_barreirinho.pdf", "ementa": "vem respeitosamente perante V.Sa. solicitar esclarecimentos sobre impedimento para aquisi\u00e7\u00e3o de m\u00e1quina de bloquete para nosso Munic\u00edpio"}, {"id": "1962", "ano": "2025", "numero": "82", "tipo__sigla": "Req", "tipo__descricao": "REQUERIMENTO", "autoria": "Mateus de Carvalho Ribeiro, Thiago Siqueira Marques", "texto_original": "http://sapl.delfimmoreira.mg.leg.br/media/sapl/public/materialegislativa/2025/1962/requerimento_no_082-2025_mateus-_thiago_obra_calcamento_barreirinho.pdf", "ementa": "vem respeitosamente perante V.Sa. solicitar informa\u00e7\u00f5es formais sobre o n\u00e3o in\u00edcio das obras de cal\u00e7amento no Bairro Barreirinho, no trecho da antiga linha f\u00e9rrea, objeto da emenda parlamentar destinada pelo Deputado Federal Junio Amaral, no valor de R$ 150.000,00 (cento e cinquenta mil reais), por meio de Transfer\u00eancia Especial do Minist\u00e9rio da Economia, ainda no ano de 2024."}, {"id": "1963", "ano": "2025", "numero": "83", "tipo__sigla": "Req", "tipo__descricao": "REQUERIMENTO", "autoria": "Ant\u00f4nio Luciano da Silva, H\u00e9der Alexandre Ribeiro Caminha, Jucemar Paulo dos Santos, Mateus de Carvalho Ribeiro, Reinaldo S\u00e1vio Ribeiro, Stella Cristina Cortez, Thiago Siqueira Marques", "texto_original": "http://sapl.delfimmoreira.mg.leg.br/media/sapl/public/materialegislativa/2025/1963/requerimento_no_083-2025_mateus-_thiago_ponte_da_peixe.pdf", "ementa": "solicitar com urg\u00eancia, informa\u00e7\u00f5es detalhadas sobre a obra da ponte  da Peixe, iniciada em mar\u00e7o de 2024, com previs\u00e3o de t\u00e9rmino para junho de 2024, cujo valor global \u00e9 de R$ 373.082,27 (trezentos e setenta e tr\u00eas mil, oitenta e dois reais e vinte e sete centavos)."}, {"id": "1964", "ano": "2025", "numero": "84", "tipo__sigla": "Req", "tipo__descricao": "REQUERIMENTO", "autoria": "H\u00e9der Alexandre Ribeiro Caminha, Mateus de Carvalho Ribeiro", "texto_original": "http://sapl.delfimmoreira.mg.leg.br/media/sapl/public/materialegislativa/2025/1964/requerimento_no_084-2025_mateus-_relacao_gasto_festa_marmelo_e_expoiscao.pdf", "ementa": "solicitar que sejam encaminhadas a esta Casa Legislativa todas as informa\u00e7\u00f5es e documentos relativos aos gastos com  a festa do Marmelo, realizada no m\u00eas de abril e a Exposi\u00e7\u00e3o Agropecu\u00e1ria, realizada no m\u00eas de julho."}, {"id": "1965", "ano": "2025", "numero": "85", "tipo__sigla": "Req", "tipo__descricao": "REQUERIMENTO", "autoria": "H\u00e9der Alexandre Ribeiro Caminha, Mateus de Carvalho Ribeiro", "texto_original": "http://sapl.delfimmoreira.mg.leg.br/media/sapl/public/materialegislativa/2025/1965/requerimento_no_085-2025_heder_-mateus-_valos_pago_pelos_comercios_exposicao.pdf", "ementa": "que sejam encaminhadas a esta Casa Legislativa as seguintes informa\u00e7\u00f5es relativas \u00e0 arrecada\u00e7\u00e3o com os com\u00e9rcios instalados no parque de exposi\u00e7\u00f5es durante a Exposi\u00e7\u00e3o Agropecu\u00e1ria realizada no m\u00eas de julho de 2025:"}, {"id": "1966", "ano": "2025", "numero": "86", "tipo__sigla": "Req", "tipo__descricao": "REQUERIMENTO", "autoria": "H\u00e9der Alexandre Ribeiro Caminha, Sebasti\u00e3o dos Santos Fortes Vieira", "texto_original": "http://sapl.delfimmoreira.mg.leg.br/media/sapl/public/materialegislativa/2025/1966/requerimento_no_086-2025_heder_-_sebastiao_-_rua_dona_nadir.pdf", "ementa": "vem respeitosamente perante V.Sa. solicitar que seja encaminhado a esta Casa Legislativa a seguinte informa\u00e7\u00e3o: \r\n\tQual a previs\u00e3o de cal\u00e7amento da Rua Jo\u00e3o Guarda,  bairro Caquende, nas proximidades da casa do Sr. Nadir?"}, {"id": "1967", "ano": "2025", "numero": "87", "tipo__sigla": "Req", "tipo__descricao": "REQUERIMENTO", "autoria": "Mateus de Carvalho Ribeiro", "texto_original": "http://sapl.delfimmoreira.mg.leg.br/media/sapl/public/materialegislativa/2025/1967/requerimento_no_087-2025_mateus_-_coleta_seletiva.pdf", "ementa": "solicitar que seja encaminhado a esta Casa Legislativa as seguintes informa\u00e7\u00f5es: \r\nEst\u00e1 sendo realizada a coleta seletiva? Caso sim, como est\u00e1 sendo realizada? \r\nExistem pol\u00edticas p\u00fablicas para promover a realiza\u00e7\u00e3o da coleta no munic\u00edpio?"}, {"id": "1968", "ano": "2025", "numero": "88", "tipo__sigla": "Req", "tipo__descricao": "REQUERIMENTO", "autoria": "Thiago Siqueira Marques", "texto_original": "http://sapl.delfimmoreira.mg.leg.br/media/sapl/public/materialegislativa/2025/1968/requerimento_no_088-2025_thiago_-conselho_de_saude.pdf", "ementa": "Quais medidas est\u00e3o sendo tomadas para a melhoria da qualidade da \u00e1gua em nosso munic\u00edpio?"}, {"id": "1969", "ano": "2025", "numero": "89", "tipo__sigla": "Req", "tipo__descricao": "REQUERIMENTO", "autoria": "Stella Cristina Cortez", "texto_original": "http://sapl.delfimmoreira.mg.leg.br/media/sapl/public/materialegislativa/2025/1969/requerimento_no_089-2025_stella-_solcita_informacoes_bilbioteca.pdf", "ementa": "Esclarecimentos quanto ao hor\u00e1rio de funcionamento da biblioteca municipal. Solicita-se: \r\nA confirma\u00e7\u00e3o do hor\u00e1rio oficial de funcionamento;\r\nAs raz\u00f5es para o fechamento fora do hor\u00e1rio informado;\r\nQuais medidas est\u00e3o sendo tomadas para garantir o cumprimento do hor\u00e1rio divulgado \u00e0 popula\u00e7\u00e3o."}, {"id": "1970", "ano": "2025", "numero": "90", "tipo__sigla": "Req", "tipo__descricao": "REQUERIMENTO", "autoria": "Jucemar Paulo dos Santos", "texto_original": "http://sapl.delfimmoreira.mg.leg.br/media/sapl/public/materialegislativa/2025/1970/requerimento_no_090-2025_-_solcita_explicacao_maquinario.pdf", "ementa": "solicitar informa\u00e7\u00f5es detalhadas sobre quais maquin\u00e1rios pertencentes \u00e0 frota municipal encontram-se em funcionamento no momento: \r\n\u2022\tRela\u00e7\u00e3o completa dos maquin\u00e1rios em funcionamento, especificando o tipo (patrol, retroescavadeira, trator, caminh\u00e3o, etc.);\r\n\u2022\tEstado geral de conserva\u00e7\u00e3o e eventuais restri\u00e7\u00f5es de uso;\r\n\u2022\tRela\u00e7\u00e3o dos maquin\u00e1rios que se encontram parados, com a respectiva justificativa e previs\u00e3o de retorno ao funcionamento."}, {"id": "1971", "ano": "2025", "numero": "91", "tipo__sigla": "Req", "tipo__descricao": "REQUERIMENTO", "autoria": "Ant\u00f4nio Luciano da Silva, H\u00e9der Alexandre Ribeiro Caminha, Jos\u00e9 Carlos Rodrigues, Jucemar Paulo dos Santos, Mateus de Carvalho Ribeiro, Reinaldo S\u00e1vio Ribeiro, Sebasti\u00e3o dos Santos Fortes Vieira, Stella Cristina Cortez, Thiago Siqueira Marques", "texto_original": "http://sapl.delfimmoreira.mg.leg.br/media/sapl/public/materialegislativa/2025/1971/requerimento_no_091-2025_-_lombada_bairro_cachoeirinha.pdf", "ementa": "requerer informa\u00e7\u00f5es quanto a lombada constru\u00edda na estrada de terra no bairro cachoeirinha. Foi constatado que a referida lombada n\u00e3o est\u00e1 em conformidade com os padr\u00f5es estabelecidos no CONTRAN, assemelhando-se mais a uma montanha de terra o que tem causado transtorno a popula\u00e7\u00e3o e aos motoristas que utilizam a via.\r\n\tDiante do assunto solicito esclarecimento sobre:\r\n\r\n\u2022\tFoi realizada vistoria t\u00e9cnica para verificar se as lombadas encontram-se  dentro das medidas regulares?\r\n\u2022\tH\u00e1 previs\u00e3o de reparo  ou adequa\u00e7\u00e3o para que esteja conforme as normas?\r\n\u2022\tQual o prazo estimado para a realiza\u00e7\u00e3o dos devidos ajustes?"}, {"id": "1972", "ano": "2025", "numero": "92", "tipo__sigla": "Req", "tipo__descricao": "REQUERIMENTO", "autoria": "Mateus de Carvalho Ribeiro", "texto_original": "http://sapl.delfimmoreira.mg.leg.br/media/sapl/public/materialegislativa/2025/1972/requerimento_no_092-2025_mateus_-_politicas_culturais_delfim_moreira.pdf", "ementa": "vem respeitosamente perante V.Sa. solicitar as seguintes informa\u00e7\u00f5es:\r\n\u2022\tC\u00f3pia das atas de todas as reuni\u00f5es do Conselho realizadas no per\u00edodo de 2023 at\u00e9 a presente data;\r\n\u2022\tRela\u00e7\u00e3o atualizada dos membros que atualmente comp\u00f5em o Conselho, com a indica\u00e7\u00e3o de suas respectivas fun\u00e7\u00f5es/finalidades;\r\n\u2022\tInforma\u00e7\u00f5es sobre os principais temas que t\u00eam sido discutidos pelo Conselho no referido per\u00edodo."}, {"id": "2046", "ano": "2025", "numero": "93", "tipo__sigla": "Req", "tipo__descricao": "REQUERIMENTO", "autoria": "Ant\u00f4nio Luciano da Silva", "texto_original": "http://sapl.delfimmoreira.mg.leg.br/media/sapl/public/materialegislativa/2025/2046/requerimento_no_093-2025_todos___-_pac_minha_casa_minha_vida.pdf", "ementa": "informa\u00e7\u00f5es quanto a n\u00e3o contempla\u00e7\u00e3o do novo Programa de Acelera\u00e7\u00e3o do Crescimento - PAC da proposta de programa \u201cMinha Casa, Minha vida\u201d no munic\u00edpio de Delfim Moreira-MG."}, {"id": "2047", "ano": "2025", "numero": "94", "tipo__sigla": "Req", "tipo__descricao": "REQUERIMENTO", "autoria": "H\u00e9der Alexandre Ribeiro Caminha, Mateus de Carvalho Ribeiro", "texto_original": "http://sapl.delfimmoreira.mg.leg.br/media/sapl/public/materialegislativa/2025/2047/requerimento_no_094-2025_heder_mateus_-_casarao_dona_marina.pdf", "ementa": "requerer informa\u00e7\u00f5es no que diz respeito ao Casar\u00e3o da Dona Marina, tendo em vista que foram verificadas movimenta\u00e7\u00f5es no referido im\u00f3vel nas \u00faltimas semanas."}, {"id": "2048", "ano": "2025", "numero": "95", "tipo__sigla": "Req", "tipo__descricao": "REQUERIMENTO", "autoria": "Ant\u00f4nio Luciano da Silva", "texto_original": "http://sapl.delfimmoreira.mg.leg.br/media/sapl/public/materialegislativa/2025/2048/req_95-2025.pdf", "ementa": "requerer informa\u00e7\u00f5es quanto \u00e0s reformas dos postos de sa\u00fade em nosso munic\u00edpio:   \r\n\u2022\tO prazo previsto para a retomada e conclus\u00e3o;\r\n\u2022\tAs medidas emergenciais que est\u00e3o sendo adotadas para garantir o atendimento \u00e0 popula\u00e7\u00e3o durante o per\u00edodo em que os Postos permanecem inativos."}, {"id": "2049", "ano": "2025", "numero": "96", "tipo__sigla": "Req", "tipo__descricao": "REQUERIMENTO", "autoria": "Ant\u00f4nio Luciano da Silva", "texto_original": "http://sapl.delfimmoreira.mg.leg.br/media/sapl/public/materialegislativa/2025/2049/requerimento_no_096-2025_antonio_mateus_-_placas_barra.pdf", "ementa": "requerer informa\u00e7\u00f5es quanto \u00e0 instala\u00e7\u00e3o de placas de identifica\u00e7\u00e3o de ruas e numera\u00e7\u00e3o das resid\u00eancias no Bairro da Barra.."}, {"id": "2050", "ano": "2025", "numero": "97", "tipo__sigla": "Req", "tipo__descricao": "REQUERIMENTO", "autoria": "Stella Cristina Cortez", "texto_original": "http://sapl.delfimmoreira.mg.leg.br/media/", "ementa": "informa\u00e7\u00f5es quanto \u00e0 data prevista para a reforma nos postos de sa\u00fade do munic\u00edpio e o respectivo servi\u00e7o dos Agentes Comunit\u00e1rios de Sa\u00fade: \r\n\r\n\u2022\tQual o cronograma oficial das reformas? \r\n\r\n\u2022\tH\u00e1 possibilidade de remanejamento de Agentes Comunit\u00e1rios para atendimento no posto do bairro do Rio Claro?\r\n\r\n\u2022\tQuais as medidas a Secretaria pretende adotar durante as reformas?"}, {"id": "2051", "ano": "2025", "numero": "98", "tipo__sigla": "Req", "tipo__descricao": "REQUERIMENTO", "autoria": "Stella Cristina Cortez", "texto_original": "http://sapl.delfimmoreira.mg.leg.br/media/sapl/public/materialegislativa/2025/2051/requerimento_no_098-2025_stella_coordenadora_da_saude.pdf", "ementa": "requerer informa\u00e7\u00f5es quanto \u00e0 designa\u00e7\u00e3o de uma enfermeira da sa\u00fade para coordena\u00e7\u00e3o: \r\n\r\n\u2022\tSolicita-se c\u00f3pia do Ato Administrativo que formalizou tal designa\u00e7\u00e3o;  \r\n\r\n\u2022\tJustificativa pelo n\u00e3o cumprimento da finalidade prevista na Lei aprovada por esta casa Legislativa, Lei Complementar n\u00ba 051, de 04 de fevereiro de 2025."}, {"id": "2052", "ano": "2025", "numero": "99", "tipo__sigla": "Req", "tipo__descricao": "REQUERIMENTO", "autoria": "Jucemar Paulo dos Santos, Thiago Siqueira Marques", "texto_original": "http://sapl.delfimmoreira.mg.leg.br/media/sapl/public/materialegislativa/2025/2052/requerimento_no_099-2025_thiago-_jucemar_hotel_pocos_de_caldas.pdf", "ementa": "perante V.Sa. solicitar as seguintes informa\u00e7\u00f5es,considerando que a Prefeitura Municipal de Delfim Moreira mant\u00e9m conv\u00eanio com um hotel na cidade de Po\u00e7os de Caldas, destinado a hospedar pacientes do munic\u00edpio que necessitam de tratamento de sa\u00fade naquela localidade;Considerando que muitos pacientes apresentam dificuldades de mobilidade, havendo, inclusive, cadeirantes, que enfrentam grandes transtornos devido \u00e0 falta de acessibilidade nas instala\u00e7\u00f5es do referido hotel, tais como escadas sem rampas ou elevadores e banheiros com boxes inadequados para cadeiras de rodas;"}, {"id": "2053", "ano": "2025", "numero": "100", "tipo__sigla": "Req", "tipo__descricao": "REQUERIMENTO", "autoria": "Thiago Siqueira Marques", "texto_original": "http://sapl.delfimmoreira.mg.leg.br/media/sapl/public/materialegislativa/2025/2053/requerimento_no_100-2025_thiago_listagem_pacientes.pdf", "ementa": "requerer informa\u00e7\u00f5es quanto \u00e0 execu\u00e7\u00e3o da lei 1.612 de 6 de janeiro de 2025 da qual \u201cDisp\u00f5e sobre a obrigatoriedade da divulga\u00e7\u00e3o de listagens de pacientes que aguardam por consultas com especialistas, exames e cirurgias na Rede P\u00fablica Municipal de Sa\u00fade e d\u00e1 outras provid\u00eancias.\u201d"}, {"id": "2057", "ano": "2025", "numero": "101", "tipo__sigla": "Req", "tipo__descricao": "REQUERIMENTO", "autoria": "Mateus de Carvalho Ribeiro", "texto_original": "http://sapl.delfimmoreira.mg.leg.br/media/sapl/public/materialegislativa/2025/2057/requerimento_no_101-2025_mateus_informacoes_workshop.pdf", "ementa": "informa\u00e7\u00f5es detalhadas a respeito das a\u00e7\u00f5es ap\u00f3s a realiza\u00e7\u00e3o do Workshop \"Paisagismo Sustent\u00e1vel e Urbaniza\u00e7\u00e3o\", realizado em nosso munic\u00edpio sob a facilita\u00e7\u00e3o do paisagista Fernando Patrial, especialista no Bioma das Arauc\u00e1rias."}, {"id": "2058", "ano": "2025", "numero": "102", "tipo__sigla": "Req", "tipo__descricao": "REQUERIMENTO", "autoria": "Stella Cristina Cortez", "texto_original": "http://sapl.delfimmoreira.mg.leg.br/media/sapl/public/materialegislativa/2025/2058/requerimento_no_102-2025_stella_entulhos.pdf", "ementa": "que sejam tomadas as devidas provid\u00eancias quanto ao descarte irregular de entulhos, restos de madeira e outros materiais em locais p\u00fablicos de nosso munic\u00edpio."}, {"id": "2059", "ano": "2025", "numero": "103", "tipo__sigla": "Req", "tipo__descricao": "REQUERIMENTO", "autoria": "Mateus de Carvalho Ribeiro", "texto_original": "http://sapl.delfimmoreira.mg.leg.br/media/", "ementa": "solicitar os seguintes esclarecimentos:\r\n\u2022\tQual o motivo pelo qual a Administra\u00e7\u00e3o P\u00fablica Municipal n\u00e3o est\u00e1 utilizando o Mapa Tur\u00edstico de Delfim Moreira, idealizado em parceria com o SEBRAE e lan\u00e7ado no ano de 2021?\r\n\u2022\tExiste atualmente algum planejamento ou iniciativa voltada para a produ\u00e7\u00e3o de folders, mapas, guias e demais materiais de divulga\u00e7\u00e3o tur\u00edstica a serem distribu\u00eddos no munic\u00edpio e fora dele, com a finalidade de promover os atrativos locais e apoiar o setor tur\u00edstico?"}, {"id": "2060", "ano": "2025", "numero": "104", "tipo__sigla": "Req", "tipo__descricao": "REQUERIMENTO", "autoria": "Mateus de Carvalho Ribeiro", "texto_original": "http://sapl.delfimmoreira.mg.leg.br/media/", "ementa": "requerer a realiza\u00e7\u00e3o de uma Audi\u00eancia P\u00fablica para tratar sobre Paisagismo Sustent\u00e1vel, Urbanismo e Planejamento para o Futuro de Delfim Moreira, com fundamento nos seguintes argumentos:"}, {"id": "2061", "ano": "2025", "numero": "105", "tipo__sigla": "Req", "tipo__descricao": "REQUERIMENTO", "autoria": "Mateus de Carvalho Ribeiro", "texto_original": "http://sapl.delfimmoreira.mg.leg.br/media/sapl/public/materialegislativa/2025/2061/requerimento_no_105_-2025_mateus_audiencia_publica.pdf", "ementa": "requerer a realiza\u00e7\u00e3o de uma Audi\u00eancia P\u00fablica para tratar sobre Paisagismo Sustent\u00e1vel, Urbanismo e Planejamento para o Futuro de Delfim Moreira,"}, {"id": "2062", "ano": "2025", "numero": "106", "tipo__sigla": "Req", "tipo__descricao": "REQUERIMENTO", "autoria": "Stella Cristina Cortez", "texto_original": "http://sapl.delfimmoreira.mg.leg.br/media/sapl/public/materialegislativa/2025/2062/requerimento_no_106-2025_stella__tombamento.pdf", "ementa": "requerer uma  listagem completa e atualizada de todos os bens tombados do Munic\u00edpio de Delfim Moreira,"}, {"id": "2063", "ano": "2025", "numero": "107", "tipo__sigla": "Req", "tipo__descricao": "REQUERIMENTO", "autoria": "H\u00e9der Alexandre Ribeiro Caminha, Mateus de Carvalho Ribeiro, Stella Cristina Cortez", "texto_original": "http://sapl.delfimmoreira.mg.leg.br/media/sapl/public/materialegislativa/2025/2063/requerimento_no_107-2025_stella_e_heder__conselhos_municipais.pdf", "ementa": "requerer as seguintes informa\u00e7\u00f5es referentes aos Conselhos Municipais existentes no \u00e2mbito da Prefeitura de Delfim Moreira\r\nQuais os Conselhos Municipais est\u00e3o atualmente em funcionamento no Munic\u00edpio?\r\nQuando ocorrem as reuni\u00f5es de cada Conselho e quais s\u00e3o os dias e hor\u00e1rios fixados para sua realiza\u00e7\u00e3o, caso exista calend\u00e1rio mensal ou fixo"}, {"id": "2064", "ano": "2025", "numero": "108", "tipo__sigla": "Req", "tipo__descricao": "REQUERIMENTO", "autoria": "Stella Cristina Cortez", "texto_original": "http://sapl.delfimmoreira.mg.leg.br/media/sapl/public/materialegislativa/2025/2064/requerimento_no_108-2025_stella_fogos.pdf", "ementa": "Requerer informa\u00e7\u00f5es acerca do cumprimento e divulga\u00e7\u00e3o da Lei Municipal n\u00ba 1.626, que \u201cDisp\u00f5e sobre a proibi\u00e7\u00e3o de queima e soltura de fogos de estampidos e de artif\u00edcios de efeito ruidoso no Munic\u00edpio de Delfim Moreira e d\u00e1 outras provid\u00eancias.\u201d"}, {"id": "2065", "ano": "2025", "numero": "109", "tipo__sigla": "Req", "tipo__descricao": "REQUERIMENTO", "autoria": "H\u00e9der Alexandre Ribeiro Caminha, Stella Cristina Cortez", "texto_original": "http://sapl.delfimmoreira.mg.leg.br/media/sapl/public/materialegislativa/2025/2065/requerimento_no_109-2025_stella_cemig.pdf", "ementa": "requerer informa\u00e7\u00f5es referentes \u00e0 Contribui\u00e7\u00e3o para Custeio da Ilumina\u00e7\u00e3o P\u00fablica (CIP ou COSIP) deste munic\u00edpio, conforme assegura a Lei de Acesso \u00e0 Informa\u00e7\u00e3o.\r\nSolicito:\r\n1. O valor arrecadado mensalmente com a CIP/COSIP nos \u00faltimos 12 meses;\r\n2. A destina\u00e7\u00e3o dos recursos arrecadados, incluindo despesas, contratos e servi\u00e7os realizados;\r\n3. O saldo existente atualmente (caso haja);\r\n4. As a\u00e7\u00f5es previstas para extens\u00e3o, manuten\u00e7\u00e3o ou moderniza\u00e7\u00e3o da ilumina\u00e7\u00e3o p\u00fablica com esses recursos."}, {"id": "2066", "ano": "2025", "numero": "110", "tipo__sigla": "Req", "tipo__descricao": "REQUERIMENTO", "autoria": "Jucemar Paulo dos Santos", "texto_original": "http://sapl.delfimmoreira.mg.leg.br/media/sapl/public/materialegislativa/2025/2066/requerimento_no_110-2025_jucemar_-_defesa_civil.pdf", "ementa": "requerer informa\u00e7\u00f5es referentes \u00e0 Defesa Civil Municipal, considerando a import\u00e2ncia de um funcionamento eficiente e de amplo conhecimento por parte da popula\u00e7\u00e3o.\r\n\tSolicita-se, portanto, as seguintes informa\u00e7\u00f5es:\r\n\u2022\tQuem comp\u00f5e atualmente a equipe da Defesa Civil em nosso munic\u00edpio?\r\n\u2022\tA quem a popula\u00e7\u00e3o deve recorrer em casos de urg\u00eancia ou ocorr\u00eancias relacionadas \u00e0 Defesa Civil?\r\n\u2022\tH\u00e1 a\u00e7\u00f5es em andamento para ampliar a divulga\u00e7\u00e3o e o acesso da popula\u00e7\u00e3o \u00e0s informa\u00e7\u00f5es sobre o funcionamento da Defesa Civil local?"}, {"id": "2067", "ano": "2025", "numero": "111", "tipo__sigla": "Req", "tipo__descricao": "REQUERIMENTO", "autoria": "Stella Cristina Cortez", "texto_original": "http://sapl.delfimmoreira.mg.leg.br/media/sapl/public/materialegislativa/2025/2067/requerimento_no_111-2025_stella_carros_manutencoes.pdf", "ementa": "requerer informa\u00e7\u00f5es e documentos referentes aos servi\u00e7os de manuten\u00e7\u00e3o realizados na frota de ve\u00edculos pertencente \u00e0 Prefeitura Municipal:\r\n\u2022\tRela\u00e7\u00e3o das manuten\u00e7\u00f5es efetuadas nos ve\u00edculos da frota municipal nos \u00faltimos 12 (doze) meses, contendo:\r\n\u2022\tPlaca e modelo do ve\u00edculo;\r\n\u2022\tData do servi\u00e7o;\r\n\u2022\tTipo de manuten\u00e7\u00e3o executada;\r\n\u2022\tValor pago;\r\n\u2022\tEmpresa prestadora do servi\u00e7o e n\u00famero do contrato;\r\n\u2022\tC\u00f3pia das notas fiscais e ordens de servi\u00e7o correspondentes.\r\n\u2022\tC\u00f3pia dos contratos vigentes e eventuais aditivos firmados com as empresas respons\u00e1veis por servi\u00e7os de manuten\u00e7\u00e3o automotiva.\r\n\u2022\tInforma\u00e7\u00e3o sobre o processo de contrata\u00e7\u00e3o: n\u00famero do processo, modalidade licitat\u00f3ria e data de homologa\u00e7\u00e3o.referida lei."}, {"id": "2068", "ano": "2025", "numero": "112", "tipo__sigla": "Req", "tipo__descricao": "REQUERIMENTO", "autoria": "Stella Cristina Cortez", "texto_original": "http://sapl.delfimmoreira.mg.leg.br/media/sapl/public/materialegislativa/2025/2068/requerimento_no_112-2025_stella_rua_laudelino_marcondes_-_manutencoes.pdf", "ementa": "informa\u00e7\u00f5es detalhadas sobre a obra de cal\u00e7amento da Rua Laudelino Marcondes, recentemente executada. Considerando que a referida via apresenta afundamentos e irregularidades em dois pontos, mesmo tendo sido finalizada h\u00e1 pouco tempo e que a popula\u00e7\u00e3o local relata d\u00favidas quanto \u00e0 conclus\u00e3o efetiva e \u00e0 garantia da obra,"}, {"id": "2069", "ano": "2025", "numero": "113", "tipo__sigla": "Req", "tipo__descricao": "REQUERIMENTO", "autoria": "H\u00e9der Alexandre Ribeiro Caminha, Stella Cristina Cortez", "texto_original": "http://sapl.delfimmoreira.mg.leg.br/media/sapl/public/materialegislativa/2025/2069/requerimento_no_113-2025_stella_heder_-_folha_de_ponto.pdf", "ementa": "requerer  c\u00f3pias das Folhas de Ponto dos Enfermeiros(as) efetivos vinculados \u00e0 rede municipal de sa\u00fade, referente  aos \u00faltimos seis (06) meses, contendo:\r\n\u2022\tRegistros completos de frequ\u00eancia;\r\n\u2022\tAnota\u00e7\u00f5es de entradas, sa\u00eddas e intervalos;\r\n\u2022\tJustificativas formais de aus\u00eancias, licen\u00e7as, atrasos ou dispensas, quando houver;\r\n\u2022\tIndica\u00e7\u00e3o do setor/unidade e a respectiva fun\u00e7\u00e3o desempenhada ao qual cada servidor(a) esteve lotado(a) no per\u00edodo solicitado."}, {"id": "2070", "ano": "2025", "numero": "114", "tipo__sigla": "Req", "tipo__descricao": "REQUERIMENTO", "autoria": "Sebasti\u00e3o dos Santos Fortes Vieira", "texto_original": "http://sapl.delfimmoreira.mg.leg.br/media/sapl/public/materialegislativa/2025/2070/requerimento_no_114-2025_sebastiao_-_solicita_informacao_insalubre.pdf", "ementa": ". requerer informa\u00e7\u00f5es referentes \u00e0 concess\u00e3o do adicional de insalubridade aos servidores municipais , em especial os cargos de Agente Comunit\u00e1rio de Sa\u00fade (ACS) e Agente de Combate \u00e0s Endemias (ACE)."}, {"id": "2071", "ano": "2025", "numero": "115", "tipo__sigla": "Req", "tipo__descricao": "REQUERIMENTO", "autoria": "Mateus de Carvalho Ribeiro", "texto_original": "http://sapl.delfimmoreira.mg.leg.br/media/sapl/public/materialegislativa/2025/2071/requerimento_no_115_-2025_mateus_biblioteca.pdf", "ementa": "requerer as seguintes informa\u00e7\u00f5es referentes \u00e0 Biblioteca P\u00fablica Municipal:\r\n\r\n\u2022\tPor qual motivo o Munic\u00edpio n\u00e3o possui bibliotec\u00e1rio(a) contratado(a), conforme determina a legisla\u00e7\u00e3o federal e normas do Conselho Federal de Biblioteconomia;\r\n\r\n\u2022\tSe existe previs\u00e3o para contrata\u00e7\u00e3o de profissional habilitado(a) e registrado(a) no respectivo Conselho Regional (CRB);\r\n\r\n\u2022\tQual \u00e9 a situa\u00e7\u00e3o atual de funcionamento da Biblioteca Municipal, informando os hor\u00e1rios de atendimento ao p\u00fablico e a raz\u00e3o de permanecer frequentemente fechada;"}, {"id": "2072", "ano": "2025", "numero": "116", "tipo__sigla": "Req", "tipo__descricao": "REQUERIMENTO", "autoria": "H\u00e9der Alexandre Ribeiro Caminha, Jos\u00e9 Carlos Rodrigues, Mateus de Carvalho Ribeiro", "texto_original": "http://sapl.delfimmoreira.mg.leg.br/media/sapl/public/materialegislativa/2025/2072/requerimento_no_116-2025_cobranca_emenda_impositiva.pdf", "ementa": "vem respeitosamente perante V.Sa. requerer informa\u00e7\u00f5es e provid\u00eancias acerca do n\u00e3o cumprimento de Emendas Impositivas aprovadas e incorporadas \u00e0 Lei Or\u00e7ament\u00e1ria Anual (LOA) referente ao exerc\u00edcio financeiro de 2023 e execu\u00e7\u00e3o no ano de 2024."}, {"id": "2073", "ano": "2025", "numero": "117", "tipo__sigla": "Req", "tipo__descricao": "REQUERIMENTO", "autoria": "Ant\u00f4nio Luciano da Silva, H\u00e9der Alexandre Ribeiro Caminha, Stella Cristina Cortez, Thiago Siqueira Marques", "texto_original": "http://sapl.delfimmoreira.mg.leg.br/media/sapl/public/materialegislativa/2025/2073/requerimento_no_117-2025_c_saude-__audiencia_publica_saude.pdf", "ementa": "requerer a realiza\u00e7\u00e3o de audi\u00eancia p\u00fablica para presta\u00e7\u00e3o de contas das a\u00e7\u00f5es e servi\u00e7os p\u00fablicos de sa\u00fade, em cumprimento ao disposto no artigo 36 da Lei Complementar n\u00ba 141, de 13 de janeiro de 2012."}, {"id": "2074", "ano": "2025", "numero": "118", "tipo__sigla": "Req", "tipo__descricao": "REQUERIMENTO", "autoria": "Ant\u00f4nio Luciano da Silva, H\u00e9der Alexandre Ribeiro Caminha, Stella Cristina Cortez, Thiago Siqueira Marques", "texto_original": "http://sapl.delfimmoreira.mg.leg.br/media/sapl/public/materialegislativa/2025/2074/requerimento_no_118-2025_c_saude-__gratificacao_servidor_vacinacao.pdf", "ementa": "informa\u00e7\u00f5es sobre a aplica\u00e7\u00e3o da Lei Municipal n\u00ba 1.437, de 03 de dezembro de 2021, que \u201cCria gratifica\u00e7\u00e3o aos servidores p\u00fablicos do Munic\u00edpio de Delfim Moreira lotados na \u00e1rea da sa\u00fade e que atuarem em campanhas de vacina\u00e7\u00e3o humana e vacina\u00e7\u00e3o animal (antirr\u00e1bica) e d\u00e1 outras provid\u00eancias\u201d."}, {"id": "2075", "ano": "2025", "numero": "119", "tipo__sigla": "Req", "tipo__descricao": "REQUERIMENTO", "autoria": "Ant\u00f4nio Luciano da Silva", "texto_original": "http://sapl.delfimmoreira.mg.leg.br/media/sapl/public/materialegislativa/2025/2075/requerimento_no_119-2025_tonho_-_obras_-___limpeza_podas_bairro_barrinha.pdf", "ementa": "vem respeitosamente perante V.Sa. requerer informa\u00e7\u00f5es oficiais acerca da responsabilidade pela limpeza e retirada dos res\u00edduos provenientes das podas de \u00e1rvores realizadas nas estradas vicinais, especialmente as executadas pela pr\u00f3pria concession\u00e1ria CEMIG."}, {"id": "2076", "ano": "2025", "numero": "120", "tipo__sigla": "Req", "tipo__descricao": "REQUERIMENTO", "autoria": "H\u00e9der Alexandre Ribeiro Caminha, Jucemar Paulo dos Santos, Mateus de Carvalho Ribeiro", "texto_original": "http://sapl.delfimmoreira.mg.leg.br/media/sapl/public/materialegislativa/2025/2076/requerimento_no_120-2025_heder_-_prefeito_-___informacoes_de_pendencias.pdf", "ementa": "vem respeitosamente perante V.Sa. requerer informa\u00e7\u00f5es acerca: \r\n\u2022\tAtualiza\u00e7\u00f5es quanto \u00e0 regulariza\u00e7\u00e3o das escrituras das casas do loteamento S\u00e3o Jos\u00e9 ;\r\n\u2022\tAtual situa\u00e7\u00e3o da obra da \u201cponte da peixe\u201d."}, {"id": "2077", "ano": "2025", "numero": "121", "tipo__sigla": "Req", "tipo__descricao": "REQUERIMENTO", "autoria": "Jos\u00e9 Carlos Rodrigues", "texto_original": "http://sapl.delfimmoreira.mg.leg.br/media/sapl/public/materialegislativa/2025/2077/requerimento_no_121-2025_zeze__calcamento_filomena.pdf", "ementa": "solicitar informa\u00e7\u00f5es respeito do motivo pelo qual o cal\u00e7amento localizado ao lado da Escola Filomena Peixoto Faria ainda n\u00e3o foi conclu\u00eddo"}, {"id": "2078", "ano": "2025", "numero": "122", "tipo__sigla": "Req", "tipo__descricao": "REQUERIMENTO", "autoria": "Mateus de Carvalho Ribeiro", "texto_original": "http://sapl.delfimmoreira.mg.leg.br/media/sapl/public/materialegislativa/2025/2078/requerimento_no_122-2025_mateus_-_defesa_civil.pdf", "ementa": "solicitar que encaminhe a esta Casa Legislativa informa\u00e7\u00f5es completas, claras e devidamente documentadas a respeito de suas a\u00e7\u00f5es, planejamento e estrutura operacional da Defesa Civil de nosso municipio"}, {"id": "2079", "ano": "2025", "numero": "123", "tipo__sigla": "Req", "tipo__descricao": "REQUERIMENTO", "autoria": "Mateus de Carvalho Ribeiro, Thiago Siqueira Marques", "texto_original": "http://sapl.delfimmoreira.mg.leg.br/media/sapl/public/materialegislativa/2025/2079/requerimento_no_123-2025_mateus_-_resp_prefeito.pdf", "ementa": "solicitar, em resposta ao of\u00edcio anteriormente enviado pelo Executivo, o qual apresentou informa\u00e7\u00f5es equivocadas e necessita de retifica\u00e7\u00e3o oficial."}, {"id": "2080", "ano": "2025", "numero": "124", "tipo__sigla": "Req", "tipo__descricao": "REQUERIMENTO", "autoria": "Mateus de Carvalho Ribeiro, Thiago Siqueira Marques", "texto_original": "http://sapl.delfimmoreira.mg.leg.br/media/", "ementa": "solicitar informa\u00e7\u00f5es oficiais acerca da situa\u00e7\u00e3o do campo de futebol localizado no Bairro do Ros\u00e1rio, espa\u00e7o amplamente reivindicado pela comunidade local para se tornar uma \u00e1rea p\u00fablica destinada \u00e0s pr\u00e1ticas esportivas, culturais, recreativas e de conviv\u00eancia comunit\u00e1ria."}, {"id": "2081", "ano": "2025", "numero": "125", "tipo__sigla": "Req", "tipo__descricao": "REQUERIMENTO", "autoria": "Mateus de Carvalho Ribeiro", "texto_original": "http://sapl.delfimmoreira.mg.leg.br/media/sapl/public/materialegislativa/2025/2081/requerimento_no_125-2025_mateus_-_emenda_parlamentar.pdf", "ementa": "solicitar informa\u00e7\u00f5es oficiais e detalhadas acerca da destina\u00e7\u00e3o do valor de R$ 35.000,00 (trinta e cinco mil reais), encaminhado ao Munic\u00edpio por meio de emenda parlamentar do Deputado Estadual Caporezzo, cujo objetivo \u00e9 apoiar e fortalecer as atividades da Associa\u00e7\u00e3o de Moradores do Bairro do Ros\u00e1rio."}, {"id": "2082", "ano": "2025", "numero": "126", "tipo__sigla": "Req", "tipo__descricao": "REQUERIMENTO", "autoria": "Mateus de Carvalho Ribeiro", "texto_original": "http://sapl.delfimmoreira.mg.leg.br/media/sapl/public/materialegislativa/2025/2082/requerimento_no_126-2025_mateus_-_escola_rio_comprido.pdf", "ementa": "informa\u00e7\u00f5es oficiais, documentais e completas acerca da regulariza\u00e7\u00e3o do im\u00f3vel da antiga escola do Bairro Rio Comprido, destinado \u00e0 implanta\u00e7\u00e3o de um Posto de Atendimento M\u00e9dico."}, {"id": "2083", "ano": "2025", "numero": "127", "tipo__sigla": "Req", "tipo__descricao": "REQUERIMENTO", "autoria": "H\u00e9der Alexandre Ribeiro Caminha, Jos\u00e9 Carlos Rodrigues, Mateus de Carvalho Ribeiro", "texto_original": "http://sapl.delfimmoreira.mg.leg.br/media/sapl/public/materialegislativa/2025/2083/requerimento_no_127-2025_mateus_-_comissao_de_fiancas_-_solicitacao_emendas.pdf", "ementa": "solicitar que se digne determinar ao setor competente o envio a esta Comiss\u00e3o as seguintes informa\u00e7\u00f5es e documentos:\r\n\tRela\u00e7\u00e3o completa e discriminada de todas as emendas parlamentares (impositivas ou n\u00e3o) recebidas pelo munic\u00edpio nos exerc\u00edcios de 2021, 2022, 2023, 2024 e 2025, contendo obrigatoriamente, para cada emenda, as seguintes informa\u00e7\u00f5es:"}, {"id": "2084", "ano": "2025", "numero": "128", "tipo__sigla": "Req", "tipo__descricao": "REQUERIMENTO", "autoria": "H\u00e9der Alexandre Ribeiro Caminha", "texto_original": "http://sapl.delfimmoreira.mg.leg.br/media/sapl/public/materialegislativa/2025/2084/requerimento_no_128-2025_mateus_-heder_gratificacoes.pdf", "ementa": "solicitar informa\u00e7\u00f5es oficiais, documentais e completas acerca de:  \r\n\r\n\u2022\tQuantos servidores p\u00fablicos municipais passaram a receber gratifica\u00e7\u00e3o no ano de 2025;\r\n\u2022\tQuais s\u00e3o as especifica\u00e7\u00f5es, fundamentos legais ou atos administrativos que concederam cada gratifica\u00e7\u00e3o;\r\n\u2022\tQual a porcentagem ou valor financeiro correspondente a cada gratifica\u00e7\u00e3o concedida no per\u00edodo;\r\n\u2022\tA rela\u00e7\u00e3o nominal dos servidores contemplados, indicando cargo, setor de lota\u00e7\u00e3o, data da concess\u00e3o e tipo de gratifica\u00e7\u00e3o recebida."}, {"id": "2085", "ano": "2025", "numero": "129", "tipo__sigla": "Req", "tipo__descricao": "REQUERIMENTO", "autoria": "Mateus de Carvalho Ribeiro", "texto_original": "http://sapl.delfimmoreira.mg.leg.br/media/sapl/public/materialegislativa/2025/2085/requerimento_no_129-2025_mateus_-_placas_quebradas_turismo.pdf", "ementa": "solicitar informa\u00e7\u00f5es oficiais, documentais e completas a respeito da situa\u00e7\u00e3o das placas de sinaliza\u00e7\u00e3o tur\u00edstica do Munic\u00edpio de Delfim Moreira"}, {"id": "2086", "ano": "2025", "numero": "130", "tipo__sigla": "Req", "tipo__descricao": "REQUERIMENTO", "autoria": "Ant\u00f4nio Luciano da Silva, H\u00e9der Alexandre Ribeiro Caminha, Mateus de Carvalho Ribeiro, Stella Cristina Cortez", "texto_original": "http://sapl.delfimmoreira.mg.leg.br/media/sapl/public/materialegislativa/2025/2086/requerimento_no_130-2025_c_saude_-___informacoes__saude.pdf", "ementa": "requerer as seguintes informa\u00e7\u00f5es:\r\n1. Quais s\u00e3o as atribui\u00e7\u00f5es oficiais do cargo em comiss\u00e3o ou da fun\u00e7\u00e3o de confian\u00e7a de Coordenador(a) da Aten\u00e7\u00e3o B\u00e1sica, exercida pela servidora mencionada na Portaria n\u00ba 162/2025?\r\n\r\n2. Informar se o exerc\u00edcio das atribui\u00e7\u00f5es ocorre na condi\u00e7\u00e3o de:\r\n\r\nCargo em comiss\u00e3o, ou Fun\u00e7\u00e3o de confian\u00e7a (vinculada ao cargo efetivo).\r\n\r\n3. Para a natureza indicada (cargo em comiss\u00e3o ou fun\u00e7\u00e3o de confian\u00e7a), esclarecer:"}, {"id": "1600", "ano": "2025", "numero": "1", "tipo__sigla": "PLO", "tipo__descricao": "PROJETO DE LEI ORDIN\u00c1RIA DO EXECUTIVO", "autoria": "Poder Executivo - EXECT", "texto_original": "http://sapl.delfimmoreira.mg.leg.br/media/sapl/public/materialegislativa/2025/1600/pl_01.2025.pdf", "ementa": "Altera a Lei n\u00ba 1.480 de 23 de fevereiro de 2022 que disp\u00f5e sobre a autoriza\u00e7\u00e3o do Poder Executivo a conceder Vale-Alimenta\u00e7\u00e3o aos servidores municipais de Delfim Moreira, e d\u00e1 outras provid\u00eancias."}, {"id": "1601", "ano": "2025", "numero": "2", "tipo__sigla": "PLO", "tipo__descricao": "PROJETO DE LEI ORDIN\u00c1RIA DO EXECUTIVO", "autoria": "Poder Executivo - EXECT", "texto_original": "http://sapl.delfimmoreira.mg.leg.br/media/sapl/public/materialegislativa/2025/1601/pl_02.2025.pdf", "ementa": "Disp\u00f5e sobre a majora\u00e7\u00e3o do vencimento dos servidores p\u00fablicos municipais e d\u00e1 outras provid\u00eancias."}, {"id": "1675", "ano": "2025", "numero": "3", "tipo__sigla": "PLO", "tipo__descricao": "PROJETO DE LEI ORDIN\u00c1RIA DO EXECUTIVO", "autoria": "Poder Executivo - EXECT", "texto_original": "http://sapl.delfimmoreira.mg.leg.br/media/sapl/public/materialegislativa/2025/1675/pl_03.2025-_autoriza_doacao_de_motocicletas_policia.pdf", "ementa": "\u201cAutoriza o Poder Executivo a doar motocicletas e d\u00e1 outras provid\u00eancias.\u201d"}, {"id": "1716", "ano": "2025", "numero": "4", "tipo__sigla": "PLO", "tipo__descricao": "PROJETO DE LEI ORDIN\u00c1RIA DO EXECUTIVO", "autoria": "", "texto_original": "http://sapl.delfimmoreira.mg.leg.br/media/sapl/public/materialegislativa/2025/1716/pl_04.2025-_autoriza_financiamento_bdmg_1.pdf", "ementa": "Autoriza o Munic\u00edpio de Delfim Moreira \u2013MG  a contratar com o Banco de Desenvolvimento de Minas Gerais S/A \u2013 BDMG, opera\u00e7\u00f5es de cr\u00e9dito com outorga de garantia e d\u00e1 outras provid\u00eancias."}, {"id": "1792", "ano": "2025", "numero": "5", "tipo__sigla": "PLO", "tipo__descricao": "PROJETO DE LEI ORDIN\u00c1RIA DO EXECUTIVO", "autoria": "", "texto_original": "http://sapl.delfimmoreira.mg.leg.br/media/sapl/public/materialegislativa/2025/1792/pl_05.2025-_ldo.pdf", "ementa": "Disp\u00f5e sobre as diretrizes para a elabora\u00e7\u00e3o e a execu\u00e7\u00e3o da Lei Or\u00e7ament\u00e1ria do exerc\u00edcio financeiro de 2026 e d\u00e1 outras provid\u00eancias."}, {"id": "1793", "ano": "2025", "numero": "6", "tipo__sigla": "PLO", "tipo__descricao": "PROJETO DE LEI ORDIN\u00c1RIA DO EXECUTIVO", "autoria": "", "texto_original": "http://sapl.delfimmoreira.mg.leg.br/media/sapl/public/materialegislativa/2025/1793/pl_06.2025-_revogacao_da_lei_de_doacao_de_terreno_a_camara.pdf", "ementa": "Disp\u00f5e sobre a revoga\u00e7\u00e3o da Lei 1.539 de 20 de dezembro de 2022 e autoriza o Chefe do Poder Executivo Municipal a ceder um im\u00f3vel, por meio de Termo de Cess\u00e3o de Uso, \u00e0 C\u00e2mara Municipal de Delfim Moreira, e d\u00e1 outras provid\u00eancias."}, {"id": "1794", "ano": "2025", "numero": "7", "tipo__sigla": "PLO", "tipo__descricao": "PROJETO DE LEI ORDIN\u00c1RIA DO EXECUTIVO", "autoria": "", "texto_original": "http://sapl.delfimmoreira.mg.leg.br/media/sapl/public/materialegislativa/2025/1794/pl_07.2025-_doacao_de_uniformes.pdf", "ementa": "\u201cAutoriza o Poder Executivo a doar uniformes escolares para os alunos da rede municipal de ensino e d\u00e1 outras provid\u00eancias.\u201d"}, {"id": "1838", "ano": "2025", "numero": "8", "tipo__sigla": "PLO", "tipo__descricao": "PROJETO DE LEI ORDIN\u00c1RIA DO EXECUTIVO", "autoria": "Edilberto Marques da Cruz", "texto_original": "http://sapl.delfimmoreira.mg.leg.br/media/sapl/public/materialegislativa/2025/1838/pl_08.2025-_cria_incentivo_ao_torneio_leiteiro_da_barra.pdf", "ementa": "Disp\u00f5e sobre a concess\u00e3o de aux\u00edlio financeiro \u00e0 comiss\u00e3o organizador do Torneio Leiteiro da Barra e d\u00e1 outras provid\u00eancias."}, {"id": "1840", "ano": "2025", "numero": "9", "tipo__sigla": "PLO", "tipo__descricao": "PROJETO DE LEI ORDIN\u00c1RIA DO EXECUTIVO", "autoria": "Poder Executivo - EXECT", "texto_original": "http://sapl.delfimmoreira.mg.leg.br/media/sapl/public/materialegislativa/2025/1840/pl_09.2025-_nova_redacaopl_diaria__mexico.pdf", "ementa": "\u201cDisp\u00f5e sobre a autoriza\u00e7\u00e3o para realiza\u00e7\u00e3o de viagem oficial internacional por agentes pol\u00edticos e servidor do Munic\u00edpio de Delfim Moreira \u00e0 cidade de  Ixtlahuac\u00e1n de los Membrillos, no M\u00e9xico, no per\u00edodo de 30 de julho a 05 de agosto de 2025, fixa o valor das di\u00e1rias correspondentes, e d\u00e1 outras provid\u00eancias.\u201d"}, {"id": "1876", "ano": "2025", "numero": "10", "tipo__sigla": "PLO", "tipo__descricao": "PROJETO DE LEI ORDIN\u00c1RIA DO EXECUTIVO", "autoria": "Poder Executivo - EXECT", "texto_original": "http://sapl.delfimmoreira.mg.leg.br/media/sapl/public/materialegislativa/2025/1876/pl_10.2025-_pl_rpp_ns.pdf", "ementa": "\u201cDisp\u00f5e sobre o apoio financeiro aos propriet\u00e1rios de reservas particulares do patrim\u00f4nio natural \u2013 RPPNs Munic\u00edpio de Delfim Moreira/MG e d\u00e1 outras provid\u00eancias\u201d"}, {"id": "1912", "ano": "2025", "numero": "11", "tipo__sigla": "PLO", "tipo__descricao": "PROJETO DE LEI ORDIN\u00c1RIA DO EXECUTIVO", "autoria": "Poder Executivo - EXECT", "texto_original": "http://sapl.delfimmoreira.mg.leg.br/media/sapl/public/materialegislativa/2025/1912/pl_11.2025-_pl_novo_fundo_animais_1.pdf", "ementa": "\u201cDisp\u00f5e sobre a cria\u00e7\u00e3o do Conselho Municipal de Prote\u00e7\u00e3o dos Animais - COMPA e do Fundo Municipal de Prote\u00e7\u00e3o dos Animais - FUNPAN e d\u00e1 outras Provid\u00eancias\u201d"}, {"id": "1913", "ano": "2025", "numero": "12", "tipo__sigla": "PLO", "tipo__descricao": "PROJETO DE LEI ORDIN\u00c1RIA DO EXECUTIVO", "autoria": "", "texto_original": "http://sapl.delfimmoreira.mg.leg.br/media/sapl/public/materialegislativa/2025/1913/pl_12.2025-_altera_codigo_tributario.pdf", "ementa": "Altera a Lei n\u00ba 487 de 20 de dezembro de 1983 que disp\u00f5e sobre o C\u00f3digo Tribut\u00e1rio Municipal."}, {"id": "1914", "ano": "2025", "numero": "13", "tipo__sigla": "PLO", "tipo__descricao": "PROJETO DE LEI ORDIN\u00c1RIA DO EXECUTIVO", "autoria": "Poder Executivo - EXECT", "texto_original": "http://sapl.delfimmoreira.mg.leg.br/media/sapl/public/materialegislativa/2025/1914/pl_13.2025_-_doacao_bens_moveis_2_1.pdf", "ementa": "\u201cAutoriza o Poder Executivo a doar bens m\u00f3veis que especifica e d\u00e1 outras provid\u00eancias.\u201d"}, {"id": "1916", "ano": "2025", "numero": "14", "tipo__sigla": "PLO", "tipo__descricao": "PROJETO DE LEI ORDIN\u00c1RIA DO EXECUTIVO", "autoria": "Poder Executivo - EXECT", "texto_original": "http://sapl.delfimmoreira.mg.leg.br/media/sapl/public/materialegislativa/2025/1916/pl_14.2025-_altera_estatuto.pdf", "ementa": "Altera a reda\u00e7\u00e3o dos arts. 87, 89 e 90  da lei 718/1992 \u2013 Estatuto dos Servidores P\u00fablicos do Munic\u00edpio de Delfim Moreira e d\u00e1 outras provid\u00eancias."}, {"id": "1973", "ano": "2025", "numero": "15", "tipo__sigla": "PLO", "tipo__descricao": "PROJETO DE LEI ORDIN\u00c1RIA DO EXECUTIVO", "autoria": "", "texto_original": "http://sapl.delfimmoreira.mg.leg.br/media/sapl/public/materialegislativa/2025/1973/pl_15.2025_loa_2026_-_pmdm_revisado.pdf", "ementa": "ESTIMA A RECEITA E FIXA A DESPESA DO MUNIC\u00cdPIO DE  DELFIM MOREIRA \u2013 MG, PARA O EXERC\u00cdCIO FINANCEIRO  DE  2026 E D\u00c1 OUTRAS PROVID\u00caNCIAS."}, {"id": "1974", "ano": "2025", "numero": "16", "tipo__sigla": "PLO", "tipo__descricao": "PROJETO DE LEI ORDIN\u00c1RIA DO EXECUTIVO", "autoria": "Poder Executivo - EXECT", "texto_original": "http://sapl.delfimmoreira.mg.leg.br/media/sapl/public/materialegislativa/2025/1974/pl_16.2025_-_subvencao_2026_-_pmdm.pdf", "ementa": "DISP\u00d5E SOBRE A CONCESS\u00c3O DE SUBVEN\u00c7\u00c3O SOCIAL NO EXERC\u00cdCIO DE 2026 \u00c0 ENTIDADE QUE MENCIONA, E  D\u00c1  OUTRAS  PROVID\u00caNCIAS."}, {"id": "1975", "ano": "2025", "numero": "17", "tipo__sigla": "PLO", "tipo__descricao": "PROJETO DE LEI ORDIN\u00c1RIA DO EXECUTIVO", "autoria": "", "texto_original": "http://sapl.delfimmoreira.mg.leg.br/media/sapl/public/materialegislativa/2025/1975/pl_17.2025_ppa_-_2026-2029_-_pmdm_1.pdf", "ementa": "DISP\u00d5E SOBRE O PLANO PLURIANUAL DO MUNIC\u00cdPIO DE DELFIM MOREIRA-MG PARA O QUADRI\u00caNIO 2026-2029 E D\u00c1 OUTRAS PROVID\u00caNCIAS."}, {"id": "1979", "ano": "2025", "numero": "18", "tipo__sigla": "PLO", "tipo__descricao": "PROJETO DE LEI ORDIN\u00c1RIA DO EXECUTIVO", "autoria": "Poder Executivo - EXECT", "texto_original": "http://sapl.delfimmoreira.mg.leg.br/media/sapl/public/materialegislativa/2025/1979/pl_18.2025-_prorroga_pme_1.pdf", "ementa": "Prorroga os efeitos da Lei Municipal 1.357/2015 que aprovou o Plano Decenal de Educa\u00e7\u00e3o para o Dec\u00eanio 2016/2025."}, {"id": "1988", "ano": "2025", "numero": "19", "tipo__sigla": "PLO", "tipo__descricao": "PROJETO DE LEI ORDIN\u00c1RIA DO EXECUTIVO", "autoria": "Poder Executivo - EXECT", "texto_original": "http://sapl.delfimmoreira.mg.leg.br/media/sapl/public/materialegislativa/2025/1988/pl_19.2025-_delimita_area_urbana_consolidade.pdf", "ementa": "\u201cDisp\u00f5e sobre a delimita\u00e7\u00e3o das \u00c1reas Urbanas Consolidadas (AUC) e a defini\u00e7\u00e3o das \u00c1reas de Preserva\u00e7\u00e3o Permanente (APP) em \u00c1rea Urbana Consolidada (AUC), nos termos do que estabelece a Constitui\u00e7\u00e3o Federal, de 5 de outubro de 1988, a Lei Nacional n\u00ba 6.938, de 31 de agosto de 1981, e a Lei Federal n\u00ba 12.651, de 25 de maio de 2012.\u201d"}, {"id": "1989", "ano": "2025", "numero": "20", "tipo__sigla": "PLO", "tipo__descricao": "PROJETO DE LEI ORDIN\u00c1RIA DO EXECUTIVO", "autoria": "Poder Executivo - EXECT", "texto_original": "http://sapl.delfimmoreira.mg.leg.br/media/sapl/public/materialegislativa/2025/1989/pl_20.2025-_institui_a_premiacao_do_hino.pdf", "ementa": "\u201cDisp\u00f5e sobre a altera\u00e7\u00e3o da Lei Municipal n\u00ba 1071/2005 que autoriza o Concurso para Escolha do Hino Oficial do Munic\u00edpio de Delfim Moreira/MG"}, {"id": "1990", "ano": "2025", "numero": "21", "tipo__sigla": "PLO", "tipo__descricao": "PROJETO DE LEI ORDIN\u00c1RIA DO EXECUTIVO", "autoria": "Poder Executivo - EXECT", "texto_original": "http://sapl.delfimmoreira.mg.leg.br/media/sapl/public/materialegislativa/2025/1990/pl_21.2025-_institui_o_decimo_terceiro_vale_1.pdf", "ementa": "\u201cAutoriza o Poder Executivo Municipal de Delfim Moreira a efetuar o pagamento do d\u00e9cimo terceiro do vale-alimenta\u00e7\u00e3o, aos servidores p\u00fablicos municipais, e d\u00e1 outras provid\u00eancias.\u201d"}, {"id": "1991", "ano": "2025", "numero": "22", "tipo__sigla": "PLO", "tipo__descricao": "PROJETO DE LEI ORDIN\u00c1RIA DO EXECUTIVO", "autoria": "Poder Executivo - EXECT", "texto_original": "http://sapl.delfimmoreira.mg.leg.br/media/sapl/public/materialegislativa/2025/1991/pl_22.2025-_ratifica_clausulas_cimasp.pdf", "ementa": "\u201cRatifica a 1\u00aa, 2\u00aa e 3\u00aa altera\u00e7\u00f5es do contrato do Cons\u00f3rcio Intermunicipal Multifinalit\u00e1rio do Alto Sapuca\u00ed \u2013 CIMASP e d\u00e1 outras provid\u00eancias.\u201d"}, {"id": "1992", "ano": "2025", "numero": "23", "tipo__sigla": "PLO", "tipo__descricao": "PROJETO DE LEI ORDIN\u00c1RIA DO EXECUTIVO", "autoria": "Poder Executivo - EXECT", "texto_original": "http://sapl.delfimmoreira.mg.leg.br/media/sapl/public/materialegislativa/2025/1992/pl_23.2025_suplementacao_por_anulacao.pdf", "ementa": "Autoriza a abertura de cr\u00e9ditos adicionais suplementares ao or\u00e7amento geral do Munic\u00edpio e d\u00e1 outras provid\u00eancias."}, {"id": "2054", "ano": "2025", "numero": "24", "tipo__sigla": "PLO", "tipo__descricao": "PROJETO DE LEI ORDIN\u00c1RIA DO EXECUTIVO", "autoria": "Poder Executivo - EXECT", "texto_original": "http://sapl.delfimmoreira.mg.leg.br/media/sapl/public/materialegislativa/2025/2054/pl_24.2025-_institui_a_subvencao_carnaval_2026_aedem.pdf", "ementa": "\u201cDisp\u00f5e sobre a concess\u00e3o de subven\u00e7\u00e3o social \u00e0 Associa\u00e7\u00e3o de Cultura, Arte e Artesania \u2013 Grimpeiros- do Munic\u00edpio de Delfim Moreira, para a promo\u00e7\u00e3o do Carnaval de 2026, e d\u00e1 outras provid\u00eancias.\u201d"}, {"id": "2055", "ano": "2025", "numero": "25", "tipo__sigla": "PLO", "tipo__descricao": "PROJETO DE LEI ORDIN\u00c1RIA DO EXECUTIVO", "autoria": "Poder Executivo - EXECT", "texto_original": "http://sapl.delfimmoreira.mg.leg.br/media/sapl/public/materialegislativa/2025/2055/pl_25.2025_altera_estatuto.pdf", "ementa": "\u201cAltera dispositivos do Estatuto dos Funcion\u00e1rios P\u00fablicos Civis do Munic\u00edpio de Delfim Moreira e d\u00e1 outras provid\u00eancias.\u201d"}, {"id": "2087", "ano": "2025", "numero": "26", "tipo__sigla": "PLO", "tipo__descricao": "PROJETO DE LEI ORDIN\u00c1RIA DO EXECUTIVO", "autoria": "Poder Executivo - EXECT", "texto_original": "http://sapl.delfimmoreira.mg.leg.br/media/sapl/public/materialegislativa/2025/2087/pl_26.2025_qualificacao_de_oss.pdf", "ementa": "\u201cDisp\u00f5e sobre a qualifica\u00e7\u00e3o de entidades como organiza\u00e7\u00f5es sociais e d\u00e1 outras provid\u00eancias no Munic\u00edpio de Delfim Moreira-MG\u201d."}, {"id": "2088", "ano": "2025", "numero": "27", "tipo__sigla": "PLO", "tipo__descricao": "PROJETO DE LEI ORDIN\u00c1RIA DO EXECUTIVO", "autoria": "Poder Executivo - EXECT", "texto_original": "http://sapl.delfimmoreira.mg.leg.br/media/sapl/public/materialegislativa/2025/2088/pl_27.2025_suplementacao_por_anulacao_folha_dezembro_1.pdf", "ementa": "Autoriza a abertura de cr\u00e9ditos adicionais suplementares ao or\u00e7amento geral do Munic\u00edpio e d\u00e1 outras provid\u00eancias."}, {"id": "1641", "ano": "2025", "numero": "1", "tipo__sigla": "PRES", "tipo__descricao": "PROJETO DE RESOLU\u00c7\u00c3O", "autoria": "Mesa Diretora - MD", "texto_original": "http://sapl.delfimmoreira.mg.leg.br/media/sapl/public/materialegislativa/2025/1641/projeto_de_resolucao_no_01_-_banco_de_horas.pdf", "ementa": "DISP\u00d5E SOBRE O REGULAMENTO INTERNO DE CONTROLE DE FREQU\u00caNCIA E DE PONTUALIDADE DOS SERVIDORES DA C\u00c2MARA MUNICIPAL DE DELFIM MOREIRA/MG."}, {"id": "1642", "ano": "2025", "numero": "2", "tipo__sigla": "PRES", "tipo__descricao": "PROJETO DE RESOLU\u00c7\u00c3O", "autoria": "Mesa Diretora - MD", "texto_original": "http://sapl.delfimmoreira.mg.leg.br/media/sapl/public/materialegislativa/2025/1642/projeto_de_resolucao_no_02_-_altera_resolucao_6.2023.pdf", "ementa": "Altera dispositivo da Resolu\u00e7\u00e3o n. 06/2023, que \u2018CRIA O TROF\u00c9U ALUNO NOTA 10 NO \u00c2MBITO DA C\u00c2MARA MUNICIPAL DE DELFIM MOREIRA, E D\u00c1 OUTRAS PROVID\u00caNCIAS\u2019."}, {"id": "1643", "ano": "2025", "numero": "3", "tipo__sigla": "PRES", "tipo__descricao": "PROJETO DE RESOLU\u00c7\u00c3O", "autoria": "", "texto_original": "http://sapl.delfimmoreira.mg.leg.br/media/sapl/public/materialegislativa/2025/1643/projeto_de_resolucao_no_03_-_altera_resolucao_6.2024.pdf", "ementa": "Altera dispositivo da Resolu\u00e7\u00e3o n. 06/2024, que \u2018Disp\u00f5e sobre a cria\u00e7\u00e3o do Concurso de Reda\u00e7\u00e3o \u201cReda\u00e7\u00e3o Nota 10\u201d, a ser realizado pela C\u00e2mara Municipal de Delfim Moreira, por meio da Escola do Legislativo\u2019."}, {"id": "1903", "ano": "2025", "numero": "4", "tipo__sigla": "PRES", "tipo__descricao": "PROJETO DE RESOLU\u00c7\u00c3O", "autoria": "Mesa Diretora - MD", "texto_original": "http://sapl.delfimmoreira.mg.leg.br/media/sapl/public/materialegislativa/2025/1903/projeto_de_resolucao_no_04_-_sic.pdf", "ementa": "\"REGULAMENTA A APLICA\u00c7\u00c3O DA LEI FEDERAL N.\u00ba 12.527/11 NO \u00c2MBITO DA C\u00c2MARA MUNICIPAL, CRIA O SERVI\u00c7O DE INFORMA\u00c7\u00c3O AO CIDAD\u00c3O - SIC E D\u00c1 OUTRAS PROVID\u00caNCIAS\"."}, {"id": "1981", "ano": "2025", "numero": "5", "tipo__sigla": "PRES", "tipo__descricao": "PROJETO DE RESOLU\u00c7\u00c3O", "autoria": "Mesa Diretora - MD", "texto_original": "http://sapl.delfimmoreira.mg.leg.br/media/sapl/public/materialegislativa/2025/1981/projeto_de_resolucao_no_05_-_altera_resolucao_04.pdf", "ementa": "Altera dispositivo da Resolu\u00e7\u00e3o n. 04/2024, que \u2018Disp\u00f5e sobre a regulariza\u00e7\u00e3o do funcionamento da C\u00e2mara Municipal de Delfim Moreira, especificamente quanto a jornada de trabalho e d\u00e1 outras provid\u00eancias\u2019."}, {"id": "1602", "ano": "2025", "numero": "1", "tipo__sigla": "MO\u00c7", "tipo__descricao": "MO\u00c7\u00c3O", "autoria": "Vereadores - Ver", "texto_original": "http://sapl.delfimmoreira.mg.leg.br/media/sapl/public/materialegislativa/2025/1602/mocao_01-2025_aplausos_padre.pdf", "ementa": "Mo\u00e7\u00e3o de Aplausos em homenagem ao P\u00e1roco Gilberto Gon\u00e7alves Pinto e ao Vig\u00e1rio Paroquial Padre Jos\u00e9 Marcos do Amaral, em reconhecimento pelos relevantes servi\u00e7os prestados \u00e0 comunidade de Delfim Moreira."}, {"id": "1676", "ano": "2025", "numero": "2", "tipo__sigla": "MO\u00c7", "tipo__descricao": "MO\u00c7\u00c3O", "autoria": "Vereadores - Ver", "texto_original": "http://sapl.delfimmoreira.mg.leg.br/media/sapl/public/materialegislativa/2025/1676/mocao_02-2025_-_mocao_de_aplauso_-_funcionarios_da_obras.pdf", "ementa": "Manifestam seu reconhecimento e aplausos aos servidores da Secretaria de Obras, Aldo Raimundo de Oliveira e M\u00e1rcio Roberto de Oliveira, bem como ao membro da comunidade, Marcio Jos\u00e9 de Freitas, pelo empenho e dedica\u00e7\u00e3o exemplares diante das fortes chuvas que ocorreram no Munic\u00edpio."}, {"id": "1677", "ano": "2025", "numero": "3", "tipo__sigla": "MO\u00c7", "tipo__descricao": "MO\u00c7\u00c3O", "autoria": "Mateus de Carvalho Ribeiro, Ant\u00f4nio Luciano da Silva, H\u00e9der Alexandre Ribeiro Caminha, Jos\u00e9 Carlos Rodrigues, Jucemar Paulo dos Santos, Reinaldo S\u00e1vio Ribeiro, Sebasti\u00e3o dos Santos Fortes Vieira", "texto_original": "http://sapl.delfimmoreira.mg.leg.br/media/sapl/public/materialegislativa/2025/1677/mocao_03-2025-_de_apoio.pdf", "ementa": "Manifestam seu reconhecimento e apoio ao Projeto de Decreto Legislativo (PDL) 3/2025, que susta os efeitos da Resolu\u00e7\u00e3o n\u00ba 258, de 23 de dezembro de 2024, do Conselho Nacional dos Direitos da Crian\u00e7a e do Adolescente - CONANDA, e ao Projeto de Lei (PL) 1904/2024, que visa impedir que o aborto seja reconhecido como direito, sem previs\u00e3o de limite de tempo gestacional, durante todos os nove meses da gravidez, at\u00e9 o momento do parto."}, {"id": "1712", "ano": "2025", "numero": "4", "tipo__sigla": "MO\u00c7", "tipo__descricao": "MO\u00c7\u00c3O", "autoria": "Vereadores - Ver", "texto_original": "http://sapl.delfimmoreira.mg.leg.br/media/sapl/public/materialegislativa/2025/1712/mocao_04-2025_-_mocao_de_aplauso_-_associacao_agua_limpa.pdf", "ementa": "Mo\u00e7\u00e3o de Aplausos \u00e0 associa\u00e7\u00e3o do Bairro \u00e1gua Limpa (AMAL), com o objetivo reconhecer e enaltecer o trabalho realizado pela Associa\u00e7\u00e3o que tem demonstrado um compromisso not\u00e1vel com o desenvolvimento e o bem-estar da comunidade local."}, {"id": "1795", "ano": "2025", "numero": "5", "tipo__sigla": "MO\u00c7", "tipo__descricao": "MO\u00c7\u00c3O", "autoria": "Vereadores - Ver", "texto_original": "http://sapl.delfimmoreira.mg.leg.br/media/sapl/public/materialegislativa/2025/1795/mocao_05-2025_-_mocao_de_aplauso_-_associacao_rio_claro.pdf", "ementa": "Mo\u00e7\u00e3o de Aplausos \u00e0 associa\u00e7\u00e3o do Bairro do Rio Claro, com o objetivo reconhecer e enaltecer o trabalho realizado pela Associa\u00e7\u00e3o que tem demonstrado um compromisso not\u00e1vel com o desenvolvimento e o bem-estar da comunidade local."}, {"id": "1796", "ano": "2025", "numero": "6", "tipo__sigla": "MO\u00c7", "tipo__descricao": "MO\u00c7\u00c3O", "autoria": "Stella Cristina Cortez", "texto_original": "http://sapl.delfimmoreira.mg.leg.br/media/sapl/public/materialegislativa/2025/1796/mocao_06-2025_-_mocao_de_aplausos_-_enfermeiras.pdf", "ementa": "Mo\u00e7\u00e3o de Aplausos \u00e0s enfermeiras, profissionais que dedicam suas vidas ao cuidado da sa\u00fade de todos.\r\nCom empenho e dedica\u00e7\u00e3o incans\u00e1veis, essas guerreiras enfrentam longas jornadas de trabalho, muitas vezes renunciando ao descanso e ao conv\u00edvio familiar, passando noites em claro para garantir o bem-estar e a recupera\u00e7\u00e3o de seus pacientes."}, {"id": "1797", "ano": "2025", "numero": "7", "tipo__sigla": "MO\u00c7", "tipo__descricao": "MO\u00c7\u00c3O", "autoria": "Jucemar Paulo dos Santos", "texto_original": "http://sapl.delfimmoreira.mg.leg.br/media/sapl/public/materialegislativa/2025/1797/mocao_07-2025_-_mocao_de_aplausos_-_pastor.pdf", "ementa": "Mo\u00e7\u00e3o de Aplausos ao Pastor Wesley Ribeiro Sim\u00f5es, da Assembleia de Deus de Delfim Moreira-MG, e ao Pastor \u00c2ngelo Amarildo Goulart, da Assembleia de Deus do bairro da Barreira, pelos servi\u00e7os prestados ao nosso munic\u00edpio."}, {"id": "1798", "ano": "2025", "numero": "8", "tipo__sigla": "MO\u00c7", "tipo__descricao": "MO\u00c7\u00c3O", "autoria": "Ant\u00f4nio Luciano da Silva", "texto_original": "http://sapl.delfimmoreira.mg.leg.br/media/sapl/public/materialegislativa/2025/1798/mocao_08-2025_-_mocao_de_aplauso_-_associacao_barra.pdf", "ementa": "Mo\u00e7\u00e3o de Aplausos \u00e0 associa\u00e7\u00e3o do Distrito da Barra, com o objetivo reconhecer e enaltecer o trabalho realizado pela Associa\u00e7\u00e3o que tem demonstrado um compromisso not\u00e1vel com o desenvolvimento e o bem-estar da comunidade local.\r\nMesmo sendo uma associa\u00e7\u00e3o rec\u00e9m-criada, em pouco tempo j\u00e1 demonstrou for\u00e7a, comprometimento e grande dedica\u00e7\u00e3o em prol do bairro. Sabemos da import\u00e2ncia fundamental que uma associa\u00e7\u00e3o tem para o desenvolvimento local, e \u00e9 com grande satisfa\u00e7\u00e3o que testemunhamos o empenho e a seriedade com que a Associa\u00e7\u00e3o da Barra vem atuando."}, {"id": "1799", "ano": "2025", "numero": "9", "tipo__sigla": "MO\u00c7", "tipo__descricao": "MO\u00c7\u00c3O", "autoria": "Mateus de Carvalho Ribeiro", "texto_original": "http://sapl.delfimmoreira.mg.leg.br/media/sapl/public/materialegislativa/2025/1799/mocao_09-2025_-_mocao_de_aplauso_-_pm.pdf", "ementa": "Mo\u00e7\u00e3o de Aplausos aos valorosos policiais militares da 262\u00aa Companhia de Pol\u00edcia Militar, sediada em Delfim Moreira, e aos policiais civis da 2\u00aa Delegacia Regional de Pol\u00edcia Civil de Itajub\u00e1.\r\nA presente Mo\u00e7\u00e3o tem por objetivo enaltecer, reconhecer e valorizar o trabalho exemplar desempenhado por estes profissionais, que, com coragem, dedica\u00e7\u00e3o, galhardia e elevado senso de dever, atuam incansavelmente em prol da seguran\u00e7a, da ordem e da paz social em nosso munic\u00edpio."}, {"id": "1836", "ano": "2025", "numero": "1", "tipo__sigla": "PDL", "tipo__descricao": "PROJETO DE DECRETO LEGISLATIVO", "autoria": "Mesa Diretora - MD", "texto_original": "http://sapl.delfimmoreira.mg.leg.br/media/sapl/public/materialegislativa/2025/1836/projeto_decreto_legislativo_01-2025_-_benemerito.pdf", "ementa": "Concede T\u00edtulo de Cidad\u00e3o Benem\u00e9rito de Delfim Moreira, nos termos da Resolu\u00e7\u00e3o 08/2023 de 23 de Outubro de 2023."}, {"id": "1837", "ano": "2025", "numero": "2", "tipo__sigla": "PDL", "tipo__descricao": "PROJETO DE DECRETO LEGISLATIVO", "autoria": "Mesa Diretora - MD", "texto_original": "http://sapl.delfimmoreira.mg.leg.br/media/sapl/public/materialegislativa/2025/1837/projeto_decreto_legislativo_02-2025_-_honorario.pdf", "ementa": "Concede T\u00edtulo de Cidad\u00e3o Honor\u00e1rio de Delfim Moreira, nos termos da Resolu\u00e7\u00e3o 08/2023 de 23 de Outubro de 2023."}, {"id": "1902", "ano": "2025", "numero": "3", "tipo__sigla": "PDL", "tipo__descricao": "PROJETO DE DECRETO LEGISLATIVO", "autoria": "Mesa Diretora - MD", "texto_original": "http://sapl.delfimmoreira.mg.leg.br/media/sapl/public/materialegislativa/2025/1902/projeto_decreto_legislativo_03-2025_prestacao_de_contas.pdf", "ementa": "Aprova as contas da Prefeitura Municipal de Delfim Moreira, exerc\u00edcio de 2023, e d\u00e1 outras provid\u00eancias."}, {"id": "1567", "ano": "2025", "numero": "1", "tipo__sigla": "PLC", "tipo__descricao": "PROJETO DE LEI COMPLEMENTAR", "autoria": "", "texto_original": "http://sapl.delfimmoreira.mg.leg.br/media/sapl/public/materialegislativa/2025/1567/pl_01._2025_criacao_de_vaga_enfermeiro.pdf", "ementa": "Disp\u00f5e sobre a altera\u00e7\u00e3o do n\u00famero de vagas do cargo de Enfermeiro, nos termos da Lei Complementar n\u00ba 35 de 06 de abril de 2020 que Institui o Plano de Cargos, Carreiras e Vencimentos para os Servidores P\u00fablicos dos Quadros Setoriais da Administra\u00e7\u00e3o e da Sa\u00fade do Poder Executivo do Munic\u00edpio de Delfim Moreira."}, {"id": "1603", "ano": "2025", "numero": "2", "tipo__sigla": "PLC", "tipo__descricao": "PROJETO DE LEI COMPLEMENTAR", "autoria": "Edilberto Marques da Cruz", "texto_original": "http://sapl.delfimmoreira.mg.leg.br/media/sapl/public/materialegislativa/2025/1603/plc_02.2025_gratificacao_agente_de_contratacao.pdf", "ementa": "\u201cCria gratifica\u00e7\u00e3o para o Agente de Contrata\u00e7\u00e3o e Membros da Equipe de Apoio, no \u00e2mbito do Munic\u00edpio de Delfim Moreira, e d\u00e1 outras provid\u00eancias.\u201d"}, {"id": "1978", "ano": "2025", "numero": "3", "tipo__sigla": "PLC", "tipo__descricao": "PROJETO DE LEI COMPLEMENTAR", "autoria": "Poder Executivo - EXECT", "texto_original": "http://sapl.delfimmoreira.mg.leg.br/media/sapl/public/materialegislativa/2025/1978/plc_03.2025-_altera_codigo_tributario.pdf", "ementa": "Altera a Lei n\u00ba 487 de 20 de dezembro de 1983 que disp\u00f5e sobre o C\u00f3digo Tribut\u00e1rio Municipal."}, {"id": "1982", "ano": "2025", "numero": "4", "tipo__sigla": "PLC", "tipo__descricao": "PROJETO DE LEI COMPLEMENTAR", "autoria": "Edilberto Marques da Cruz", "texto_original": "http://sapl.delfimmoreira.mg.leg.br/media/sapl/public/materialegislativa/2025/1982/plc_04.2025-_altera_codigo_de_posturas.pdf", "ementa": "Altera a Lei n\u00ba 10 de 1948 que disp\u00f5e sobre o C\u00f3digo de Posturas do Munic\u00edpio de Delfim Moreira."}, {"id": "1986", "ano": "2025", "numero": "5", "tipo__sigla": "PLC", "tipo__descricao": "PROJETO DE LEI COMPLEMENTAR", "autoria": "Poder Executivo - EXECT", "texto_original": "http://sapl.delfimmoreira.mg.leg.br/media/sapl/public/materialegislativa/2025/1986/plc_05.2025-_altera_codigo_tributario_art._33_1.pdf", "ementa": "Altera a Lei n\u00ba 487 de 20 de dezembro de 1983 que disp\u00f5e sobre o C\u00f3digo Tribut\u00e1rio Municipal."}, {"id": "1987", "ano": "2025", "numero": "6", "tipo__sigla": "PLC", "tipo__descricao": "PROJETO DE LEI COMPLEMENTAR", "autoria": "Poder Executivo - EXECT", "texto_original": "http://sapl.delfimmoreira.mg.leg.br/media/sapl/public/materialegislativa/2025/1987/plc_06.2025-_revoga_artigo_codigo_de_obras.pdf", "ementa": "\u201cRevoga artigo 105 do  C\u00f3digo de Obras do Munic\u00edpio de Delfim Moreira.\u201d"}, {"id": "1638", "ano": "2025", "numero": "1", "tipo__sigla": "PLL", "tipo__descricao": "PROJETO DE LEI ORDIN\u00c1RIA DO LEGISLATIVO", "autoria": "Mesa Diretora - MD", "texto_original": "http://sapl.delfimmoreira.mg.leg.br/media/sapl/public/materialegislativa/2025/1638/pll_no_01_-_2025_-_reajuste_vale_mesa.pdf", "ementa": "Disp\u00f5e sobre a majora\u00e7\u00e3o do vale alimenta\u00e7\u00e3o dos servidores p\u00fablicos municipais do Poder Legislativo de Delfim Moreira e d\u00e1 outras providencias."}, {"id": "1639", "ano": "2025", "numero": "2", "tipo__sigla": "PLL", "tipo__descricao": "PROJETO DE LEI ORDIN\u00c1RIA DO LEGISLATIVO", "autoria": "Mesa Diretora - MD", "texto_original": "http://sapl.delfimmoreira.mg.leg.br/media/sapl/public/materialegislativa/2025/1639/pll_no_02_-_2025_reajuste_servidores_mesa..pdf", "ementa": "Disp\u00f5e sobre a majora\u00e7\u00e3o do vencimento dos Servidores P\u00fablicos Efetivos do Quadro de Pessoal da C\u00e2mara Municipal de Delfim Moreira."}, {"id": "1640", "ano": "2025", "numero": "3", "tipo__sigla": "PLL", "tipo__descricao": "PROJETO DE LEI ORDIN\u00c1RIA DO LEGISLATIVO", "autoria": "Mesa Diretora - MD", "texto_original": "http://sapl.delfimmoreira.mg.leg.br/media/sapl/public/materialegislativa/2025/1640/pll_no_03_-_2025_-_emprestimo_consignado.pdf", "ementa": "Disp\u00f5e sobre a autoriza\u00e7\u00e3o para os Vereadores e Servidores da C\u00e2mara Municipal de Delfim Moreira de realizar empr\u00e9stimo consignado a ser descontado em folha de pagamento."}, {"id": "1644", "ano": "2025", "numero": "4", "tipo__sigla": "PLL", "tipo__descricao": "PROJETO DE LEI ORDIN\u00c1RIA DO LEGISLATIVO", "autoria": "H\u00e9der Alexandre Ribeiro Caminha", "texto_original": "http://sapl.delfimmoreira.mg.leg.br/media/sapl/public/materialegislativa/2025/1644/pll_no_04_-_2025_-_ideologia_de_generos_-heder.pdf", "ementa": "Disp\u00f5e sobre a proibi\u00e7\u00e3o da doutrina de ideologia de G\u00eaneros nas Escolas Rede Publica Municipal, em todo o Munic\u00edpio de Delfim Moreira."}, {"id": "1668", "ano": "2025", "numero": "5", "tipo__sigla": "PLL", "tipo__descricao": "PROJETO DE LEI ORDIN\u00c1RIA DO LEGISLATIVO", "autoria": "Thiago Siqueira Marques", "texto_original": "http://sapl.delfimmoreira.mg.leg.br/media/sapl/public/materialegislativa/2025/1668/pll_no_05_-_2025_-_nomeacao_rua_caquende-_thiago.pdf", "ementa": "\u201cDisp\u00f5e sobre a denomina\u00e7\u00e3o de rua no bairro do Caquende, nomeando \u00e0 rua que especifica e da outras provid\u00eancias\u201d."}, {"id": "1669", "ano": "2025", "numero": "6", "tipo__sigla": "PLL", "tipo__descricao": "PROJETO DE LEI ORDIN\u00c1RIA DO LEGISLATIVO", "autoria": "Mateus de Carvalho Ribeiro", "texto_original": "http://sapl.delfimmoreira.mg.leg.br/media/sapl/public/materialegislativa/2025/1669/pll_no_06-_2025__nome_de_rua_jucemar.pdf", "ementa": "\u201cDisp\u00f5e sobre a denomina\u00e7\u00e3o das ruas do bairro da Barreira, nomeando \u00e0s ruas que especifica e da outras provid\u00eancias\u201d."}, {"id": "1711", "ano": "2025", "numero": "7", "tipo__sigla": "PLL", "tipo__descricao": "PROJETO DE LEI ORDIN\u00c1RIA DO LEGISLATIVO", "autoria": "Thiago Siqueira Marques", "texto_original": "http://sapl.delfimmoreira.mg.leg.br/media/sapl/public/materialegislativa/2025/1711/pll_no_07_-_2025_-_fibromialgia_-_thiago.pdf", "ementa": "\u201cClassifica a Fibromialgia como defici\u00eancia para todos os fins legais e disp\u00f5es sobre o tratamento da doen\u00e7a fornecido pelo Sistema \u00danico de Sa\u00fade.\u201d."}, {"id": "1713", "ano": "2025", "numero": "8", "tipo__sigla": "PLL", "tipo__descricao": "PROJETO DE LEI ORDIN\u00c1RIA DO LEGISLATIVO", "autoria": "Mateus de Carvalho Ribeiro", "texto_original": "http://sapl.delfimmoreira.mg.leg.br/media/sapl/public/materialegislativa/2025/1713/pll_no_08_-_2025_-_artesanato-_mateus.pdf", "ementa": "\u201cInstitui a Lei de Incentivo ao Artesanato de Delfim Moreira-MG, cria o Dia do Artes\u00e3o e garante apoio institucional \u00e0s artes locais.\u201d"}, {"id": "1714", "ano": "2025", "numero": "9", "tipo__sigla": "PLL", "tipo__descricao": "PROJETO DE LEI ORDIN\u00c1RIA DO LEGISLATIVO", "autoria": "Thiago Siqueira Marques", "texto_original": "http://sapl.delfimmoreira.mg.leg.br/media/sapl/public/materialegislativa/2025/1714/pll_no_09_-_2025_-_cancer_de_mama_-_thiago.pdf", "ementa": "Institui a semana municipal de luta contra o c\u00e2ncer de mama d\u00e1 outras provid\u00eancias."}, {"id": "1715", "ano": "2025", "numero": "10", "tipo__sigla": "PLL", "tipo__descricao": "PROJETO DE LEI ORDIN\u00c1RIA DO LEGISLATIVO", "autoria": "Stella Cristina Cortez", "texto_original": "http://sapl.delfimmoreira.mg.leg.br/media/sapl/public/materialegislativa/2025/1715/pll_no_10-_stella_fogos.pdf", "ementa": "Disp\u00f5e sobre a proibi\u00e7\u00e3o de queima e soltura de  fogos de estampidos e de artif\u00edcios de efeito ruidoso no Munic\u00edpio de Delfim Moreira e d\u00e1 outras provid\u00eancias."}, {"id": "1800", "ano": "2025", "numero": "11", "tipo__sigla": "PLL", "tipo__descricao": "PROJETO DE LEI ORDIN\u00c1RIA DO LEGISLATIVO", "autoria": "Thiago Siqueira Marques", "texto_original": "http://sapl.delfimmoreira.mg.leg.br/media/sapl/public/materialegislativa/2025/1800/pll_no_11_-_2025_-_campo_limpo_-_thiago.pdf", "ementa": "INSTITUI A SEMANA DO CAMPO LIMPO NO \u00c2MBITO DO MUNIC\u00cdPIO DE DELFIM MOREIRA, E DA OUTRAS PROVID\u00caNCIAS.\u201d"}, {"id": "1835", "ano": "2025", "numero": "12", "tipo__sigla": "PLL", "tipo__descricao": "PROJETO DE LEI ORDIN\u00c1RIA DO LEGISLATIVO", "autoria": "Reinaldo S\u00e1vio Ribeiro, Sebasti\u00e3o dos Santos Fortes Vieira", "texto_original": "http://sapl.delfimmoreira.mg.leg.br/media/sapl/public/materialegislativa/2025/1835/pll_no_12_-_2025_-_semana_produtor_rural_-_sebastiao.pdf", "ementa": "INSTITUI A SEMANA DO PRODUTOR RURAL NO CALEND\u00c1RIO OFICIAL DO MUNIC\u00cdPIO DE DELFIM MOREIRA-MG E D\u00c1 OUTRAS PROVID\u00caNCIAS"}, {"id": "1839", "ano": "2025", "numero": "13", "tipo__sigla": "PLL", "tipo__descricao": "PROJETO DE LEI ORDIN\u00c1RIA DO LEGISLATIVO", "autoria": "Stella Cristina Cortez, Thiago Siqueira Marques", "texto_original": "http://sapl.delfimmoreira.mg.leg.br/media/sapl/public/materialegislativa/2025/1839/pll_no_13_-_2025_-_stella-_thiago_tratamento_prioritario.pdf", "ementa": "DISP\u00d5E SOBRE O ATENDIMENTO PRIORIT\u00c1RIO AOS PACIENTES COM DOEN\u00c7A RENAL CR\u00d4NICA EM TRATAMENTO DE HEMODI\u00c1LISE E AOS PACIENTES COM FIBROMIALGIA NOS ESTABELECIMENTOS P\u00daBLICOS E PRIVADOS DO MUNIC\u00cdPIO DE DELFIM MOREIRA-MG, E D\u00c1 OUTRAS PROVID\u00caNCIAS."}, {"id": "1904", "ano": "2025", "numero": "14", "tipo__sigla": "PLL", "tipo__descricao": "PROJETO DE LEI ORDIN\u00c1RIA DO LEGISLATIVO", "autoria": "H\u00e9der Alexandre Ribeiro Caminha", "texto_original": "http://sapl.delfimmoreira.mg.leg.br/media/sapl/public/materialegislativa/2025/1904/pll_no_14-_heder_fios_soltos.pdf", "ementa": "Disp\u00f5e sobre a obrigatoriedade de alinhamento de cabos e fia\u00e7\u00e3o a\u00e9rea e remo\u00e7\u00e3o dos excedentes e sem uso, instalados por pessoa jur\u00eddica que opere ou utilize rede a\u00e9rea no Munic\u00edpio de Delfim Moreira."}, {"id": "1915", "ano": "2025", "numero": "15", "tipo__sigla": "PLL", "tipo__descricao": "PROJETO DE LEI ORDIN\u00c1RIA DO LEGISLATIVO", "autoria": "Stella Cristina Cortez", "texto_original": "http://sapl.delfimmoreira.mg.leg.br/media/sapl/public/materialegislativa/2025/1915/pll_no_15-_2025_-_stella-_nois_e_bruta.pdf", "ementa": "INSTITUI A CAVALGADA \"NOIS \u00c9 BRUTA\" NO CALEND\u00c1RIO OFICIAL DE EVENTOS DO MUNIC\u00cdPIO DE DELFIM MOREIRA-MG, E D\u00c1 OUTRAS PROVID\u00caNCIAS."}, {"id": "1976", "ano": "2025", "numero": "16", "tipo__sigla": "PLL", "tipo__descricao": "PROJETO DE LEI ORDIN\u00c1RIA DO LEGISLATIVO", "autoria": "Thiago Siqueira Marques", "texto_original": "http://sapl.delfimmoreira.mg.leg.br/media/sapl/public/materialegislativa/2025/1976/pll_no_16_-_2025_-_thiago_exposicao_torneio_leiteiro.pdf", "ementa": "\u201cDeclara como Patrim\u00f4nio Cultural e Imaterial do Munic\u00edpio de Delfim Moreira a Tradicional Exposi\u00e7\u00e3o Agropecu\u00e1ria e o Torneio Leiteiro e d\u00e1 outras provid\u00eancias.\u201d"}, {"id": "1977", "ano": "2025", "numero": "17", "tipo__sigla": "PLL", "tipo__descricao": "PROJETO DE LEI ORDIN\u00c1RIA DO LEGISLATIVO", "autoria": "H\u00e9der Alexandre Ribeiro Caminha", "texto_original": "http://sapl.delfimmoreira.mg.leg.br/media/sapl/public/materialegislativa/2025/1977/pll_no_17-_2025_-atleta_amador-heder.pdf", "ementa": "Institui, no Munic\u00edpio de Delfim Moreira, a \"Semana do Atleta Amador\" e d\u00e1 outras provid\u00eancias."}, {"id": "1980", "ano": "2025", "numero": "18", "tipo__sigla": "PLL", "tipo__descricao": "PROJETO DE LEI ORDIN\u00c1RIA DO LEGISLATIVO", "autoria": "Mesa Diretora - MD", "texto_original": "http://sapl.delfimmoreira.mg.leg.br/media/sapl/public/materialegislativa/2025/1980/pll_no18_-_2025_-estagio.pdf", "ementa": "Disp\u00f5e sobre o \u201cprograma de est\u00e1gio da C\u00e2mara Municipal de Delfim Moreira-MG\u201d no \u00e2mbito do Poder Legislativo, em conformidade com a Lei Federal n\u00ba 11.788, de 25 de setembro de 2008."}, {"id": "1983", "ano": "2025", "numero": "19", "tipo__sigla": "PLL", "tipo__descricao": "PROJETO DE LEI ORDIN\u00c1RIA DO LEGISLATIVO", "autoria": "H\u00e9der Alexandre Ribeiro Caminha", "texto_original": "http://sapl.delfimmoreira.mg.leg.br/media/sapl/public/materialegislativa/2025/1983/pll_no_19-_2025_-adocao_espaco_publico-heder_ok.pdf", "ementa": "Disp\u00f5e sobre a ado\u00e7\u00e3o de pra\u00e7as, jardins, canteiros, \u00e1reas verdes, gin\u00e1sios, centros poliesportivos, eventos esportivos e demais bens p\u00fablicos municipais por pessoas f\u00edsicas, jur\u00eddicas ou associa\u00e7\u00f5es, sem altera\u00e7\u00e3o de nome dos espa\u00e7os ou eventos, e d\u00e1 outras provid\u00eancias."}, {"id": "1984", "ano": "2025", "numero": "20", "tipo__sigla": "PLL", "tipo__descricao": "PROJETO DE LEI ORDIN\u00c1RIA DO LEGISLATIVO", "autoria": "Stella Cristina Cortez", "texto_original": "http://sapl.delfimmoreira.mg.leg.br/media/sapl/public/materialegislativa/2025/1984/pll_no_20-_2025_-_stella-_carnaval_rc.pdf", "ementa": "INCLUI NO CALEND\u00c1RIO OFICIAL DE EVENTOS DO MUNIC\u00cdPIO DE DELFIM MOREIRA O \u201cCARNAVAL DO BAIRRO RIO CLARO\u201d E D\u00c1 OUTRAS PROVID\u00caNCIAS."}, {"id": "1985", "ano": "2025", "numero": "21", "tipo__sigla": "PLL", "tipo__descricao": "PROJETO DE LEI ORDIN\u00c1RIA DO LEGISLATIVO", "autoria": "H\u00e9der Alexandre Ribeiro Caminha, Stella Cristina Cortez", "texto_original": "http://sapl.delfimmoreira.mg.leg.br/media/sapl/public/materialegislativa/2025/1985/pll_no_21-_2025_-cuidador_de_idoso-heder.pdf", "ementa": "Disp\u00f5e sobre a valoriza\u00e7\u00e3o e o reconhecimento da profiss\u00e3o de Cuidador de Idosos no \u00e2mbito do Munic\u00edpio de Delfim Moreira e d\u00e1 outras provid\u00eancias."}, {"id": "2056", "ano": "2025", "numero": "22", "tipo__sigla": "PLL", "tipo__descricao": "PROJETO DE LEI ORDIN\u00c1RIA DO LEGISLATIVO", "autoria": "Stella Cristina Cortez", "texto_original": "http://sapl.delfimmoreira.mg.leg.br/media/sapl/public/materialegislativa/2025/2056/pll_no_22-2025_stella__fornecer_gratuitamente_medicamentos_para_o_tratamento_da_esporotricose.pdf", "ementa": "\u201cAutoriza o Poder Executivo Municipal a fornecer gratuitamente medicamentos para o tratamento da esporotricose em animais, no \u00e2mbito do Munic\u00edpio de Delfim Moreira, e d\u00e1 outras provid\u00eancias\u201d."}]}